{"id":47846,"date":"2022-11-10T07:21:21","date_gmt":"2022-11-10T13:21:21","guid":{"rendered":"http:\/\/www.zonaroja.com.mx\/?p=47846"},"modified":"2022-11-10T07:21:23","modified_gmt":"2022-11-10T13:21:23","slug":"dan-75-anos-de-prision-a-policia-que-desaparecio-a-madre-e-hija-en-oaxaca","status":"publish","type":"post","link":"https:\/\/zonaroja.com.mx\/?p=47846","title":{"rendered":"Dan 75 a\u00f1os de prisi\u00f3n a polic\u00eda que desapareci\u00f3 a madre e hija en Oaxaca"},"content":{"rendered":"\n<p>Redacci\u00f3n\/Zona Roja.<\/p>\n\n\n\n<p>Oaxaca de Ju\u00e1rez, Oax., a 10 de noviembre de 2022.- La Fiscal\u00eda General del Estado de Oaxaca obtuvo sentencia condenatoria de 75 a\u00f1os de prisi\u00f3n contra un polic\u00eda municipal, acusado de desaparecer a madre e hija en San Antonio de la Cal.<\/p>\n\n\n\n<p>F\u00e9lix S. J. L., quien fuera elemento de la polic\u00eda de Santa Luc\u00eda del Camino, es responsable de la desaparici\u00f3n Mar\u00eda C. R. y de su hija Martha Rosas S. C., esta \u00faltima estudiante de la Universidad An\u00e1huac, cuyos hechos ocurrieron en la Navidad del a\u00f1o 2018.<\/p>\n\n\n\n<p>En un comunicado, la Fiscal\u00eda General inform\u00f3 que, de acuerdo con la Carpeta de Investigaci\u00f3n 190\/UEDF\/2018, el 25 de diciembre del a\u00f1o 2018 el sentenciado privo de la libertad de las v\u00edctimas al interior de su domicilio, ubicado en la Tercera Secci\u00f3n de San Antonio de la Cal, fecha desde la que se desconoce su paradero.<\/p>\n\n\n\n<p>Ante este hecho, la instituci\u00f3n de procuraci\u00f3n de justicia intervino -a trav\u00e9s de la Unidad Especializada en Desaparici\u00f3n Forzada de la Vicefiscal\u00eda General de Atenci\u00f3n a V\u00edctimas y a la Sociedad-, iniciando la investigaci\u00f3n correspondiente que permiti\u00f3 la aprehensi\u00f3n del imputado, que tras ser presentado ante el Juzgado de Control, fue vinculado a proceso. &nbsp;<\/p>\n\n\n\n<p>Respecto a su situaci\u00f3n jur\u00eddica, el Tribunal de Enjuiciamiento dict\u00f3 sentencia condenatoria contra F\u00e9lix S. J. L., a quien le impuso la pena de 75 a\u00f1os de prisi\u00f3n y orden\u00f3 el pago de m\u00e1s de 644 mil pesos concepto de multa y el pago de la reparaci\u00f3n del da\u00f1o en abstracto.<\/p>\n\n\n\n<p>OTRO FALLO FAVORABLE<\/p>\n\n\n\n<p>Por otra parte, la Fiscal\u00eda inform\u00f3 que el Tribunal de Enjuiciamiento ratific\u00f3 la sentencia condenatoria contra la persona del sexo masculino identificada como L. A. C. P., responsable del delito de feminicidio en agravio de quien en vida respondi\u00f3 al nombre de W. G. V. H., cometido en la agencia de Santa Rosa Panzacola, perteneciente a la Ciudad de Oaxaca de Ju\u00e1rez.<\/p>\n\n\n\n<p>De acuerdo con la carpeta de investigaci\u00f3n 15\/FEADM\/2018, el 30 de junio de 2018, aproximadamente a las 03:00 horas, el imputado priv\u00f3 de la vida a la v\u00edctima cuando se encontraban en un departamento ubicado en inmediaciones de la colonia Educaci\u00f3n de Santa Rosa Panzacola de la capital del estado.<\/p>\n\n\n\n<p>Posteriormente, el sentenciado trat\u00f3 de simular que la v\u00edctima se hab\u00eda ahorcado en el lugar de los hechos.<\/p>\n\n\n\n<p>Desde que tuvo conocimiento del caso, la Fiscal\u00eda Especializada en Atenci\u00f3n a Delitos contra la Mujer por Raz\u00f3n de G\u00e9nero intervino y realiz\u00f3 los actos de investigaci\u00f3n que permitieron la aprehensi\u00f3n del feminicida, mismo que fue vinculado a proceso en julio de 2018.<\/p>\n\n\n\n<p>Desde el 13 de julio de 2018, el sentenciado se encuentra en prisi\u00f3n preventiva oficiosa, en tanto que desde entonces la Fiscal\u00eda de Oaxaca ha dado puntual seguimiento al caso.<\/p>\n\n\n\n<p>La Fiscal\u00eda General informar\u00e1 a su debido tiempo el desenlace de este caso, priorizando el alcance de la justicia y las necesidades particulares de las v\u00edctimas indirectas y exhorta a la ciudadan\u00eda a informarse a trav\u00e9s de canales oficiales.<\/p>\n","protected":false},"excerpt":{"rendered":"<p>Redacci\u00f3n\/Zona Roja. Oaxaca de Ju\u00e1rez, Oax., a 10 de noviembre de 2022.- La Fiscal\u00eda General&hellip;<\/p>\n","protected":false},"author":2,"featured_media":47849,"comment_status":"closed","ping_status":"open","sticky":false,"template":"","format":"standard","meta":{"_lmt_disableupdate":"","_lmt_disable":"","_jetpack_memberships_contains_paid_content":false,"footnotes":""},"categories":[109,46],"tags":[494],"class_list":["post-47846","post","type-post","status-publish","format-standard","has-post-thumbnail","hentry","category-minuto-a-minuto","category-zona-blanca","tag-fiscalia-general-del-estado-de-oaxaca"],"jetpack_featured_media_url":"https:\/\/zonaroja.com.mx\/wp-content\/uploads\/2022\/11\/Martha-Rosa-y-madre-San-Antonio-de-la-Cal-desaparecidas.jpeg","jetpack_sharing_enabled":true,"_links":{"self":[{"href":"https:\/\/zonaroja.com.mx\/index.php?rest_route=\/wp\/v2\/posts\/47846","targetHints":{"allow":["GET"]}}],"collection":[{"href":"https:\/\/zonaroja.com.mx\/index.php?rest_route=\/wp\/v2\/posts"}],"about":[{"href":"https:\/\/zonaroja.com.mx\/index.php?rest_route=\/wp\/v2\/types\/post"}],"author":[{"embeddable":true,"href":"https:\/\/zonaroja.com.mx\/index.php?rest_route=\/wp\/v2\/users\/2"}],"replies":[{"embeddable":true,"href":"https:\/\/zonaroja.com.mx\/index.php?rest_route=%2Fwp%2Fv2%2Fcomments&post=47846"}],"version-history":[{"count":1,"href":"https:\/\/zonaroja.com.mx\/index.php?rest_route=\/wp\/v2\/posts\/47846\/revisions"}],"predecessor-version":[{"id":47850,"href":"https:\/\/zonaroja.com.mx\/index.php?rest_route=\/wp\/v2\/posts\/47846\/revisions\/47850"}],"wp:featuredmedia":[{"embeddable":true,"href":"https:\/\/zonaroja.com.mx\/index.php?rest_route=\/wp\/v2\/media\/47849"}],"wp:attachment":[{"href":"https:\/\/zonaroja.com.mx\/index.php?rest_route=%2Fwp%2Fv2%2Fmedia&parent=47846"}],"wp:term":[{"taxonomy":"category","embeddable":true,"href":"https:\/\/zonaroja.com.mx\/index.php?rest_route=%2Fwp%2Fv2%2Fcategories&post=47846"},{"taxonomy":"post_tag","embeddable":true,"href":"https:\/\/zonaroja.com.mx\/index.php?rest_route=%2Fwp%2Fv2%2Ftags&post=47846"}],"curies":[{"name":"wp","href":"https:\/\/api.w.org\/{rel}","templated":true}]}}