{"id":47851,"date":"2022-11-10T07:36:22","date_gmt":"2022-11-10T13:36:22","guid":{"rendered":"http:\/\/www.zonaroja.com.mx\/?p=47851"},"modified":"2022-11-10T07:36:23","modified_gmt":"2022-11-10T13:36:23","slug":"sin-rastros-de-cuatro-elementos-de-la-guardia-nacional-emboscados-en-oaxaca","status":"publish","type":"post","link":"https:\/\/zonaroja.com.mx\/?p=47851","title":{"rendered":"Sin rastros de cuatro elementos de la Guardia Nacional emboscados en Oaxaca"},"content":{"rendered":"\n<p>Ismael Garc\u00eda M.\/Zona Roja. Foto: Ilustraci\u00f3n<\/p>\n\n\n\n<p>Oaxaca de Ju\u00e1rez, Oax., a 10 de noviembre de 2022.- A m\u00e1s de 12 horas de la emboscada, hasta esta ma\u00f1ana no han sido localizados cuatro elementos de la Guardia Nacional, presuntamente retenidos o secuestrados por pobladores en la regi\u00f3n Mixteca de Oaxaca.<\/p>\n\n\n\n<p>Los hechos ocurrieron ayer por la tarde cuando los uniformados federales custodiaban la realizaci\u00f3n de una obra en jurisdicci\u00f3n del municipio de San Juan Mixtepec, Tlaxiaco, pero l\u00edmites con Santo Domingo Yoso\u00f1ama.<\/p>\n\n\n\n<p>Ambos pueblos mantienen una a\u00f1eja disputa agraria que ha dejado saldos fatales en diversas ocasiones.<\/p>\n\n\n\n<p>De acuerdo con reportes del s\u00edndico de Mixtepec, Paulino Hern\u00e1ndez Paz, ayer un grupo de 20 personas acudi\u00f3 a instalar una tuber\u00eda de agua a un kil\u00f3metro del l\u00edmite con Yoso\u00f1ama, para lo cual ten\u00edan el acompa\u00f1amiento de la Guardia Nacional.<\/p>\n\n\n\n<p>Pero fueron emboscados presuntamente por pobladores de Yoso\u00f1ama, del municipio de San Juan \u00d1um\u00ed, quienes adem\u00e1s incendiaron una unidad de motor.<\/p>\n\n\n\n<p>Hasta el momento se desconoce el paradero de los uniformados federales y tampoco hay versi\u00f3n de las autoridades estatales.<\/p>\n","protected":false},"excerpt":{"rendered":"<p>Ismael Garc\u00eda M.\/Zona Roja. Foto: Ilustraci\u00f3n Oaxaca de Ju\u00e1rez, Oax., a 10 de noviembre de&hellip;<\/p>\n","protected":false},"author":2,"featured_media":47852,"comment_status":"closed","ping_status":"open","sticky":false,"template":"","format":"standard","meta":{"_lmt_disableupdate":"","_lmt_disable":"","_jetpack_memberships_contains_paid_content":false,"footnotes":""},"categories":[109,47],"tags":[1768],"class_list":["post-47851","post","type-post","status-publish","format-standard","has-post-thumbnail","hentry","category-minuto-a-minuto","category-zona-gris","tag-san-juan-mixtepec"],"jetpack_featured_media_url":"https:\/\/zonaroja.com.mx\/wp-content\/uploads\/2022\/11\/Guardia-Nacional-en-San-Juan-Mixtepec.jpeg","jetpack_sharing_enabled":true,"_links":{"self":[{"href":"https:\/\/zonaroja.com.mx\/index.php?rest_route=\/wp\/v2\/posts\/47851","targetHints":{"allow":["GET"]}}],"collection":[{"href":"https:\/\/zonaroja.com.mx\/index.php?rest_route=\/wp\/v2\/posts"}],"about":[{"href":"https:\/\/zonaroja.com.mx\/index.php?rest_route=\/wp\/v2\/types\/post"}],"author":[{"embeddable":true,"href":"https:\/\/zonaroja.com.mx\/index.php?rest_route=\/wp\/v2\/users\/2"}],"replies":[{"embeddable":true,"href":"https:\/\/zonaroja.com.mx\/index.php?rest_route=%2Fwp%2Fv2%2Fcomments&post=47851"}],"version-history":[{"count":1,"href":"https:\/\/zonaroja.com.mx\/index.php?rest_route=\/wp\/v2\/posts\/47851\/revisions"}],"predecessor-version":[{"id":47853,"href":"https:\/\/zonaroja.com.mx\/index.php?rest_route=\/wp\/v2\/posts\/47851\/revisions\/47853"}],"wp:featuredmedia":[{"embeddable":true,"href":"https:\/\/zonaroja.com.mx\/index.php?rest_route=\/wp\/v2\/media\/47852"}],"wp:attachment":[{"href":"https:\/\/zonaroja.com.mx\/index.php?rest_route=%2Fwp%2Fv2%2Fmedia&parent=47851"}],"wp:term":[{"taxonomy":"category","embeddable":true,"href":"https:\/\/zonaroja.com.mx\/index.php?rest_route=%2Fwp%2Fv2%2Fcategories&post=47851"},{"taxonomy":"post_tag","embeddable":true,"href":"https:\/\/zonaroja.com.mx\/index.php?rest_route=%2Fwp%2Fv2%2Ftags&post=47851"}],"curies":[{"name":"wp","href":"https:\/\/api.w.org\/{rel}","templated":true}]}}