{"id":4786,"date":"2019-10-13T07:56:31","date_gmt":"2019-10-13T12:56:31","guid":{"rendered":"http:\/\/www.zonaroja.com.mx\/?p=4786"},"modified":"2019-10-13T07:56:35","modified_gmt":"2019-10-13T12:56:35","slug":"cuatro-anos-preso-por-delito-que-no-cometio-miguel-peralta-una-historia-de-represion","status":"publish","type":"post","link":"https:\/\/zonaroja.com.mx\/?p=4786","title":{"rendered":"Cuatro a\u00f1os preso por delito que no cometi\u00f3: Miguel Peralta, una historia de represi\u00f3n"},"content":{"rendered":"\n<p>Evlin Arag\u00f3n\/Zona Roja.<\/p>\n\n\n\n<p>Oaxaca de Ju\u00e1rez,Oax., 13 de octubre de\n2019.- La disputa por el poder en Eloxochitl\u00e1n de Flores Mag\u00f3n ha dejado\nenfrentamientos, muertes, personas heridas y presos que se han declarado\ninocentes y aseguran son parte de una campa\u00f1a de represi\u00f3n y criminalizaci\u00f3n\npor parte del grupo de caciques en la zona.<\/p>\n\n\n\n<p>Mediante un video del canal\nRompeVientoTV, se pone de manifiesto la historia en la que el grupo familiar de\nManuel Zepeda Cort\u00e9s, ex presidente municipal de la localidad, mantiene a la\nfecha un enfrentamiento constante con integrantes de la Asamblea Comunitaria\nregida por usos y costumbres, quienes lo acusan de cacique y de querer imponer\na los candidatos y partidos pol\u00edticos para administrar a conveniencia los\nrecursos municipales.<\/p>\n\n\n\n<p>De acuerdo con material y testimonios\nde pobladores, en el 2014 la disputa alcanz\u00f3 su punto m\u00e1s violento con\nenfrentamientos entre ambos grupos que dejaron seis heridos en un primero\nataque por parte de Zepeda Cort\u00e9s a la Asamblea Comunitaria y posteriormente 34\nintegrantes de la asamblea fueron acusados de da\u00f1os y homicidio por la muerte\nde Manuel Zepeda, hijo, y Gustavo Andrade quienes fallecieron en pugnas armadas\nposteriores.<\/p>\n\n\n\n<p>En total son ocho personas las que actualmente se encuentran prisi\u00f3n por los hechos, todos integrantes de la Asamblea Comunitaria, y otras 16 personas cuentan con \u00f3rdenes de aprehensi\u00f3n, lo que ha derivado en el desplazamiento forzado de pobladores de Eloxochitl\u00e1n de Flores Mag\u00f3n.<\/p>\n\n\n\n<p><a href=\"https:\/\/www.rompeviento.tv\/miguel-angel-peralta-una-historia-de-represion-y-cacicazgo-en-oaxaca\/\">https:\/\/www.rompeviento.tv\/miguel-angel-peralta-una-historia-de-represion-y-cacicazgo-en-oaxaca\/<\/a><\/p>\n\n\n\n<p>Desde hace varias semanas, diversas organizaciones en defensa de los derechos humanos han evidenciado el caso de Miguel \u00c1ngel Peralta, quien ha sido el \u00fanico sentenciado con 50 a\u00f1os de prisi\u00f3n por los hechos, aseguran que se trata de un preso pol\u00edtico que desde hace m\u00e1s de 15 d\u00edas se ha declarado en huelga de hambre para exigir la revisi\u00f3n de su caso que aseguran est\u00e1 plagado de irregularidades y violaci\u00f3n a sus derechos humanos.<\/p>\n\n\n\n<p>El joven, antrop\u00f3logo de profesi\u00f3n,\nviene de una familia opositora a los Zepeda, por lo que incluso su padre\ntambi\u00e9n fue encarcelado por da\u00f1os a la propiedad privada y posesi\u00f3n de armas\nmientras la familia estuvo en el poder municipal; fue detenido con extrema\nviolencia en la Ciudad de M\u00e9xico<\/p>\n\n\n\n<p>Lo anterior debido a la presi\u00f3n que ha\nejercido, la actual diputada local Elisa Zepeda Lagunas, quien previamente\nasegur\u00f3 que el ataque hacia su persona se trat\u00f3 de violencia de g\u00e9nero para\ntruncar su carrera pol\u00edtica e impedir que llegar\u00e1 al poder.<\/p>\n\n\n\n<p>Sin embargo, la defensa de Miguel \u00c1ngel\nPereda asegura que no hay una sola prueba \u2013m\u00e1s que el testimonio de la\nlegisladora- que lo incrimine, por el contrario hay pruebas que demuestran que\nel joven se encontraba en la Ciudad de M\u00e9xico el d\u00eda que ocurrieron los hechos.<\/p>\n\n\n\n<p>Por ello mantiene una huelga de hambre\ny silencio con la intenci\u00f3n de que el juez Modesto Isa\u00edas Santiago Mart\u00ednez\nrevise el caso -tras la nueva ley de Amnist\u00eda impulsada por Andr\u00e9s Manuel L\u00f3pez\nObrador- quien se comprometi\u00f3 a tener una resoluci\u00f3n en 15 d\u00edas los cuales han\npasado sin resultados evidenciando.<\/p>\n\n\n\n<p>De acuerdo con las organizaciones que\nbuscan su liberaci\u00f3n, la justicia en M\u00e9xico es selectiva, que se sigue\nfavoreciendo a los caciques en las localidades por encima de quienes defienden\nla autonom\u00eda de las comunidades que se rigen por usos y costumbres en Oaxaca.<\/p>\n","protected":false},"excerpt":{"rendered":"<p>Evlin Arag\u00f3n\/Zona Roja. Oaxaca de Ju\u00e1rez,Oax., 13 de octubre de 2019.- La disputa por el&hellip;<\/p>\n","protected":false},"author":2,"featured_media":4787,"comment_status":"closed","ping_status":"open","sticky":false,"template":"","format":"standard","meta":{"_lmt_disableupdate":"","_lmt_disable":"","_jetpack_memberships_contains_paid_content":false,"footnotes":""},"categories":[109,47],"tags":[862],"class_list":["post-4786","post","type-post","status-publish","format-standard","has-post-thumbnail","hentry","category-minuto-a-minuto","category-zona-gris","tag-miguel-angel-peralta"],"jetpack_featured_media_url":"https:\/\/zonaroja.com.mx\/wp-content\/uploads\/2019\/10\/Miguel-Peralta-Huautla.jpg","jetpack_sharing_enabled":true,"_links":{"self":[{"href":"https:\/\/zonaroja.com.mx\/index.php?rest_route=\/wp\/v2\/posts\/4786","targetHints":{"allow":["GET"]}}],"collection":[{"href":"https:\/\/zonaroja.com.mx\/index.php?rest_route=\/wp\/v2\/posts"}],"about":[{"href":"https:\/\/zonaroja.com.mx\/index.php?rest_route=\/wp\/v2\/types\/post"}],"author":[{"embeddable":true,"href":"https:\/\/zonaroja.com.mx\/index.php?rest_route=\/wp\/v2\/users\/2"}],"replies":[{"embeddable":true,"href":"https:\/\/zonaroja.com.mx\/index.php?rest_route=%2Fwp%2Fv2%2Fcomments&post=4786"}],"version-history":[{"count":1,"href":"https:\/\/zonaroja.com.mx\/index.php?rest_route=\/wp\/v2\/posts\/4786\/revisions"}],"predecessor-version":[{"id":4788,"href":"https:\/\/zonaroja.com.mx\/index.php?rest_route=\/wp\/v2\/posts\/4786\/revisions\/4788"}],"wp:featuredmedia":[{"embeddable":true,"href":"https:\/\/zonaroja.com.mx\/index.php?rest_route=\/wp\/v2\/media\/4787"}],"wp:attachment":[{"href":"https:\/\/zonaroja.com.mx\/index.php?rest_route=%2Fwp%2Fv2%2Fmedia&parent=4786"}],"wp:term":[{"taxonomy":"category","embeddable":true,"href":"https:\/\/zonaroja.com.mx\/index.php?rest_route=%2Fwp%2Fv2%2Fcategories&post=4786"},{"taxonomy":"post_tag","embeddable":true,"href":"https:\/\/zonaroja.com.mx\/index.php?rest_route=%2Fwp%2Fv2%2Ftags&post=4786"}],"curies":[{"name":"wp","href":"https:\/\/api.w.org\/{rel}","templated":true}]}}