{"id":47861,"date":"2022-11-10T11:51:00","date_gmt":"2022-11-10T17:51:00","guid":{"rendered":"http:\/\/www.zonaroja.com.mx\/?p=47861"},"modified":"2022-11-10T09:01:16","modified_gmt":"2022-11-10T15:01:16","slug":"desplazamiento-forzado-afecta-a-13-municipios-de-oaxaca-y-a-mas-de-5-mil-personas","status":"publish","type":"post","link":"https:\/\/zonaroja.com.mx\/?p=47861","title":{"rendered":"Desplazamiento forzado afecta a 13 municipios de Oaxaca y a m\u00e1s de 5 mil personas"},"content":{"rendered":"\n<p>Yuridiana Sosa\/Zona Roja.<\/p>\n\n\n\n<p>Oaxaca de Ju\u00e1rez, Oax., a 10 de noviembre de 2022.- Durante el \u00faltimo sexenio en Oaxaca, han ocurrido 14 eventos registrados como desplazamientos masivos a consecuencia de la violencia, afectando a cinco mil 476 personas, lo que lo hace ser parte de los estados con el mayor \u00edndice de desplazamiento forzados en M\u00e9xico.<\/p>\n\n\n\n<p>As\u00ed lo revela en libro \u201cDesplazamiento Forzado Interno en M\u00e9xico: del reconocimiento a los desaf\u00edos\u201d, elaborado por organismos de la Secretar\u00eda de Gobernaci\u00f3n y especialistas, mismo que fue presentado en Oaxaca este martes en el Instituto de Investigaciones Sociol\u00f3gicas de la Universidad Aut\u00f3noma \u201cBenito Ju\u00e1rez\u201d de Oaxaca.<\/p>\n\n\n\n<p>El ejemplar, que contiene datos de organismos defensores de derechos humanos, as\u00ed como de la direcci\u00f3n General de Pol\u00edtica P\u00fablica de Derechos Humanos, la Comisi\u00f3n Mexicana de Ayuda a Refugiados de la Subsecretar\u00eda de Derechos Humanos, Poblaci\u00f3n y Migraci\u00f3n de la SEGOB, revela el crudo panorama de M\u00e9xico sobre este a\u00f1ejo fen\u00f3meno, con el fin de hacerlo visible, se atiende y se trabaje en el impulso de pol\u00edticas p\u00fablicas eficientes.<\/p>\n\n\n\n<p>Oaxaca es parte de los siete estados que concentran el 92 por ciento de los casos de Desplazamiento Forzado Interno (DFI) en nuestro pa\u00eds, los cuales fueron agrupados en tres regiones de an\u00e1lisis: Tri\u00e1ngulo Dorado (Sinaloa, Chihuahua y Durango), Guerrero y Michoac\u00e1n y, Chiapas y Oaxaca.<\/p>\n\n\n\n<p>En la entidad oaxaque\u00f1a, entre el 2016 y 2021, se identific\u00f3 que la desplazamiento ocurri\u00f3 en 13 municipios, de distintas regiones: &nbsp;Asunci\u00f3n Nochixtl\u00e1n, San Juan Juquila Mixes, San Juan Mazatl\u00e1n, San Mateo del Mar, San Pablo Cuatro Venados, Santa Cruz Xoxocotl\u00e1n, Santiago Juxtlahuaca, Santiago Textitl\u00e1n, Silacayo\u00e1pam, Teotitl\u00e1n de Flores Mag\u00f3n, Tezoatl\u00e1n de Segura y Luna, Villa de Zaachila y Villa Sola de Vega.<\/p>\n\n\n\n<p>En los 13 municipios oaxaque\u00f1os afectados, el porcentaje de hablantes de una lengua ind\u00edgenas va de entre cinco y 96 por ciento; en nueve de los 14 casos de desplazamiento afectaron a una poblaci\u00f3n ind\u00edgena, que represent\u00f3 el 50 por ciento de v\u00edctimas.<\/p>\n\n\n\n<p>En total, en Chiapas y Oaxaca -como regi\u00f3n de estudio- se documentaron 40 desplazamientos masivos en estos estados, que moviliz\u00f3 de manera obligada a 20 mil 789 personas que dejaron sus hogares, en 29 municipios.<\/p>\n\n\n\n<p>El director general de Pol\u00edticas P\u00fablicas de Derechos Humanos, Jos\u00e9 Luis Calder\u00f3n, puntualiz\u00f3 que con esos desplazamientos existe una serie de violaciones a derechos humanos, desde los civiles, pol\u00edticos, econ\u00f3micos, sociales, culturales, ambientales y de educaci\u00f3n, entre otros.<\/p>\n\n\n\n<p>Por ello se pens\u00f3 en realizar este proyecto, pues los desplazamientos forzados internos ya se incorporaron al programa nacional derechos humanos, en esta administraci\u00f3n federal a trav\u00e9s del decreto presidencial y publicado en el Diario Oficial de la Federaci\u00f3n el 10 de diciembre de 2020.<\/p>\n\n\n\n<figure class=\"wp-block-embed is-type-rich is-provider-twitter wp-block-embed-twitter\"><div class=\"wp-block-embed__wrapper\">\n<div class=\"twitter-tweet\"><blockquote class=\"twitter-tweet\" data-lang=\"es\"><p lang=\"es\" dir=\"ltr\">En el <a href=\"https:\/\/twitter.com\/IISUABJO?ref_src=twsrc%5Etfw\">@IISUABJO<\/a> participamos en la presentaci\u00f3n del libro \u201cDesplazamiento Forzado Interno en M\u00e9xico:del reconocimiento a los desaf\u00edos\u201d, editado por la Subsecretar\u00eda de Derechos Humanos, Poblaci\u00f3n y Migraci\u00f3n de la <a href=\"https:\/\/twitter.com\/SEGOB_mx?ref_src=twsrc%5Etfw\">@SEGOB_mx<\/a> | <a href=\"https:\/\/twitter.com\/A_Encinas_R?ref_src=twsrc%5Etfw\">@A_Encinas_R<\/a> <a href=\"https:\/\/t.co\/MDVi8hOfgR\">pic.twitter.com\/MDVi8hOfgR<\/a><\/p>&mdash; Jos\u00e9 Carlos Fuentes (@JoseCarlosFO) <a href=\"https:\/\/twitter.com\/JoseCarlosFO\/status\/1590491349295722496?ref_src=twsrc%5Etfw\">9 de noviembre de 2022<\/a><\/blockquote><\/div>\n<\/div><\/figure>\n\n\n\n<p>CAUSAS<\/p>\n\n\n\n<p>Mientras que en norte del pa\u00eds los mayores conflictos se relacionan con la existencia de grupos armados vinculados al narcotr\u00e1fico y a otras actividades delictivas, en el sur, como en Oaxaca, son conflictos agrarios y comunitarios de origen pol\u00edtico.<\/p>\n\n\n\n<p>Un aspecto particular de estos problemas en oaxaque\u00f1o tiene relaci\u00f3n con el sistema de usos y costumbres y\/ o la influencia de partidos pol\u00edticos en estos ambientes, as\u00ed como en otro de los casos son por aplicaci\u00f3n de multas y castigos, detenciones arbitrarias.<\/p>\n\n\n\n<p>Pero la crisis se acent\u00faa cuando en algunas ocasiones las acciones justifican el sistema de usos y costumbres.<\/p>\n\n\n\n<p>EN M\u00c9XICO<\/p>\n\n\n\n<p>&nbsp;De acuerdo al Centro de Monitoreo de Desplazamiento Interno ( IDMC) M\u00e9xico ocupa el segundo lugar en Am\u00e9rica, solo detr\u00e1s de Colombia, con mayor n\u00famero de desplazamientos forzados internos y la posici\u00f3n 23 en el ranking mundial con este fen\u00f3meno.<\/p>\n\n\n\n<p>En el informe global de 2020, el IDCM estim\u00f3 que en 2019 exist\u00edan 33.4 millones de desplazados internos provocados por conflicto, violencia y desastres en 145 pa\u00edses y lugares del mundo y entre los aspectos analizados, detall\u00f3 que en nuestro pa\u00eds ocurrieron en 2019 un total acumulado de 345 mil desplazamientos por causa de desastres naturales y conflictos.<\/p>\n\n\n\n<p>Otro dato que se destaca en el libro, con base a datos de dicho centro, es que la violencia entre c\u00e1rteles de las drogas y grupos paramilitares ocasion\u00f3 unos siete mil nuevos desplazamientos en M\u00e9xico en 2020, pero la cifra puede ser mayor.<\/p>\n\n\n\n<p>En tanto que en 2020 incrementaron los eventos de desastres en M\u00e9xico, en comparaci\u00f3n con los dos a\u00f1os anteriores, lo que gener\u00f3 101 mil nuevos desplazamientos; un censo de 2020 report\u00f3 que 24 mil 376 personas migraron de forma interna por desastres naturales.<\/p>\n\n\n\n<p>EL LIBRO<\/p>\n\n\n\n<p>El ejemplar cuenta con 19 ensayos organizados en cuatro ejes: desplazamiento forzado interno en M\u00e9xico; Reconocimiento como problema p\u00fablico, Evoluci\u00f3n y retos sobre el marco jur\u00eddico del DFI; Radiograf\u00eda del DFI en M\u00e9xico. Experiencias sobre su abordaje y &nbsp;Estrategia de pol\u00edtica p\u00fablica para la atenci\u00f3n integral del DFI.<\/p>\n\n\n\n<p>Los especialistas, entre los que se cont\u00f3 con la presencia del comit\u00e9 de editores como Paula Sep\u00falveda, as\u00ed de defensores como Neftal\u00ed Granados, de la subsecretar\u00eda de Derechos Humanos y de la direcci\u00f3n de desplazamiento forzado interno, se\u00f1alaron que la falta de reconocimiento y atenci\u00f3n en gobierno pasados produjo la invisibilidad a las personas y comunidades en situaci\u00f3n de desplazamiento, incrementando el n\u00famero de v\u00edctimas cada a\u00f1o e incrementando las violaciones a sus derechos.&nbsp;<\/p>\n\n\n\n<p>En la presentaci\u00f3n estuvieron el delegado de la Secretar\u00eda de Gobernaci\u00f3n en Oaxaca, Jos\u00e9 Carlos Fuentes; el ex rector de la UABJO y catedr\u00e1tico del Instituto de Investigaciones Sociol\u00f3gicas, Eduardo Bautista Mart\u00ednez, as\u00ed como quienes participaron en las investigaciones para el libro.<\/p>\n\n\n\n<figure class=\"wp-block-embed is-type-rich is-provider-twitter wp-block-embed-twitter\"><div class=\"wp-block-embed__wrapper\">\n<div class=\"twitter-tweet\"><blockquote class=\"twitter-tweet\" data-lang=\"es\"><p lang=\"es\" dir=\"ltr\">Hoy, con un tema humanitario de necesario reconocimiento y atenci\u00f3n contenido en el libro \u201cDesplazamiento Forzado Interno en M\u00e9xico: del reconocimiento a los desaf\u00edos\u201d, en \u2066<a href=\"https:\/\/twitter.com\/IISUABJO?ref_src=twsrc%5Etfw\">@IISUABJO<\/a>\u2069 con equipo de la Sub <a href=\"https:\/\/twitter.com\/hashtag\/DerechosHumanos?src=hash&amp;ref_src=twsrc%5Etfw\">#DerechosHumanos<\/a> \u2066<a href=\"https:\/\/twitter.com\/SEGOB_mx?ref_src=twsrc%5Etfw\">@SEGOB_mx<\/a>\u2069 \u2066<a href=\"https:\/\/twitter.com\/comar_sg?ref_src=twsrc%5Etfw\">@comar_sg<\/a>\u2069  \u2066<a href=\"https:\/\/twitter.com\/UABJO?ref_src=twsrc%5Etfw\">@UABJO<\/a>\u2069 <a href=\"https:\/\/t.co\/m7DUROgI4R\">pic.twitter.com\/m7DUROgI4R<\/a><\/p>&mdash; Eduardo Bautista (@Bautistaeduardo) <a href=\"https:\/\/twitter.com\/Bautistaeduardo\/status\/1590127918914498560?ref_src=twsrc%5Etfw\">8 de noviembre de 2022<\/a><\/blockquote><\/div>\n<\/div><\/figure>\n","protected":false},"excerpt":{"rendered":"<p>Yuridiana Sosa\/Zona Roja. Oaxaca de Ju\u00e1rez, Oax., a 10 de noviembre de 2022.- Durante el&hellip;<\/p>\n","protected":false},"author":2,"featured_media":47862,"comment_status":"closed","ping_status":"open","sticky":false,"template":"","format":"standard","meta":{"_lmt_disableupdate":"","_lmt_disable":"","_jetpack_memberships_contains_paid_content":false,"footnotes":""},"categories":[109,46],"tags":[],"class_list":["post-47861","post","type-post","status-publish","format-standard","has-post-thumbnail","hentry","category-minuto-a-minuto","category-zona-blanca"],"jetpack_featured_media_url":"https:\/\/zonaroja.com.mx\/wp-content\/uploads\/2022\/11\/Presentacion-libro-ISSUABJO-.jpg","jetpack_sharing_enabled":true,"_links":{"self":[{"href":"https:\/\/zonaroja.com.mx\/index.php?rest_route=\/wp\/v2\/posts\/47861","targetHints":{"allow":["GET"]}}],"collection":[{"href":"https:\/\/zonaroja.com.mx\/index.php?rest_route=\/wp\/v2\/posts"}],"about":[{"href":"https:\/\/zonaroja.com.mx\/index.php?rest_route=\/wp\/v2\/types\/post"}],"author":[{"embeddable":true,"href":"https:\/\/zonaroja.com.mx\/index.php?rest_route=\/wp\/v2\/users\/2"}],"replies":[{"embeddable":true,"href":"https:\/\/zonaroja.com.mx\/index.php?rest_route=%2Fwp%2Fv2%2Fcomments&post=47861"}],"version-history":[{"count":1,"href":"https:\/\/zonaroja.com.mx\/index.php?rest_route=\/wp\/v2\/posts\/47861\/revisions"}],"predecessor-version":[{"id":47863,"href":"https:\/\/zonaroja.com.mx\/index.php?rest_route=\/wp\/v2\/posts\/47861\/revisions\/47863"}],"wp:featuredmedia":[{"embeddable":true,"href":"https:\/\/zonaroja.com.mx\/index.php?rest_route=\/wp\/v2\/media\/47862"}],"wp:attachment":[{"href":"https:\/\/zonaroja.com.mx\/index.php?rest_route=%2Fwp%2Fv2%2Fmedia&parent=47861"}],"wp:term":[{"taxonomy":"category","embeddable":true,"href":"https:\/\/zonaroja.com.mx\/index.php?rest_route=%2Fwp%2Fv2%2Fcategories&post=47861"},{"taxonomy":"post_tag","embeddable":true,"href":"https:\/\/zonaroja.com.mx\/index.php?rest_route=%2Fwp%2Fv2%2Ftags&post=47861"}],"curies":[{"name":"wp","href":"https:\/\/api.w.org\/{rel}","templated":true}]}}