{"id":47867,"date":"2022-11-10T15:51:23","date_gmt":"2022-11-10T21:51:23","guid":{"rendered":"http:\/\/www.zonaroja.com.mx\/?p=47867"},"modified":"2022-11-10T16:42:55","modified_gmt":"2022-11-10T22:42:55","slug":"con-bloqueo-doblegan-a-gobierno-para-cerrar-tiradero-temporal-en-la-capital","status":"publish","type":"post","link":"https:\/\/zonaroja.com.mx\/?p=47867","title":{"rendered":"Con bloqueo, doblegan a gobierno para cerrar \u201ctiradero\u201d temporal en la capital"},"content":{"rendered":"\n<p>Yuridiana Sosa\/Zona Roja<\/p>\n\n\n\n<p>Oaxaca de Ju\u00e1rez, Oax., 10 de noviembre de 2022.- Nuevamente la crisis de la basura en la ciudad de Oaxaca gener\u00f3 otro conflicto ciudadano y habitantes capitalinos instalaron bloqueos para exigir el cierre de tiradero provisional en la antigua f\u00e1brica de triplay, lo cual finalmente lograron.<\/p>\n\n\n\n<p>&nbsp;A pocas horas de comenzar el dep\u00f3sito de basura en la f\u00e1brica, sobre la ribera del r\u00edo \u201cAtoyac\u201d, vecinos de la agencia municipal de San Juan Chapultepec iniciaron una protesta y bloqueo a vialidades de la zona.<\/p>\n\n\n\n<p>Pero la inconformidad no fue atendida por el gobierno municipal de Francisco Mart\u00ednez Neri, ni por la Secretar\u00eda General de Gobierno, sino por el encargado del Secretariado Ejecutivo del Sistema Estatal de Seguridad P\u00fablica en Oaxaca, Jos\u00e9 Manuel Vera Salinas, que ya se encontraba en el lugar, aunque despu\u00e9s huy\u00f3.\u00a0<\/p>\n\n\n\n<p>De acuerdo con el agente de San Juan Chapultepec, H\u00e9ctor M\u00e9ndoza, Vera Salinas se comprometi\u00f3 al cierre del lugar y retiro de desechos, garantizando que no se volver\u00edan a ingresar camiones de basura para vaciar desechos.<\/p>\n\n\n\n<p>FALLIDO PLAN&nbsp;<\/p>\n\n\n\n<p>El gobernador del estado, Alejandro Murat, anunci\u00f3 esta ma\u00f1ana que como alternativa provisional, en lo que se termina de habilitar el predio adquirido, se ocupar\u00eda la antigua f\u00e1brica de triplay, colindante a zonas habitacionales y de comercio de la capital del estado.<\/p>\n\n\n\n<p>Para su uso s\u00f3lo se dialog\u00f3 y se acord\u00f3 la actividad con el Sindicato Independiente \u201c3 de Marzo\u201d, del ayuntamiento de Oaxaca.&nbsp;<\/p>\n\n\n\n<p>\u201cEn esta ocasi\u00f3n va a ser utilizado como relleno sanitario alterno, mientras acabamos de perfeccionar jur\u00eddicamente el predio que ya se tiene y que va a permitir soluci\u00f3n definitiva al problema de la basura\u201d, apunt\u00f3 el mandatario en entrevista telef\u00f3nica con el noticiario de Radio ORO.<\/p>\n\n\n\n<figure class=\"wp-block-embed is-type-rich is-provider-twitter wp-block-embed-twitter\"><div class=\"wp-block-embed__wrapper\">\n<div class=\"twitter-tweet\"><blockquote class=\"twitter-tweet\" data-lang=\"es\"><p lang=\"es\" dir=\"ltr\"><a href=\"https:\/\/twitter.com\/hashtag\/ENVIVO?src=hash&amp;ref_src=twsrc%5Etfw\">#ENVIVO<\/a><br>Oaxaca de Ju\u00e1rez, Oax., a 10 de noviembre de 2022.- Se desatan inconformidades por habilitar ex f\u00e1brica de triplay como tiradero de basura de la capital. Ya hay bloqueo en la zona y hay oposici\u00f3n definitiva al dep\u00f3sito de desechos.<br><br>\ud83d\udc47 Transmisi\u00f3n <a href=\"https:\/\/t.co\/9k7NFKFe4h\">https:\/\/t.co\/9k7NFKFe4h<\/a> <a href=\"https:\/\/t.co\/vHyoAQ8kP3\">pic.twitter.com\/vHyoAQ8kP3<\/a><\/p>&mdash; Zona Roja Oaxaca (@ZonaRoja_Oaxaca) <a href=\"https:\/\/twitter.com\/ZonaRoja_Oaxaca\/status\/1590750940520669184?ref_src=twsrc%5Etfw\">10 de noviembre de 2022<\/a><\/blockquote><\/div>\n<\/div><\/figure>\n\n\n\n<p>Por lo que el Gobierno del Estado y municipal montaron un operativo que incluy\u00f3 la movilizaci\u00f3n de equipo antimotines para resguardar la antigua f\u00e1brica y asegurar el ingreso de camiones.\u00a0<\/p>\n\n\n\n<p>Pero el plan fall\u00f3, pues grupos civiles como el Colectivo de Organizaciones Ambientalistas de Oaxaca (COAO),  denunciaron que frente a esa antigua construcci\u00f3n se ubican pozos de agua potable, lo que genera un riesgo ambiental y de salud para los oaxaque\u00f1os.<\/p>\n\n\n\n<p>El respaldo que pidi\u00f3 el gobernador en apoyar este proyecto alterno no fue posible, los ciudadanos exigieron al \u00fanico funcionario presente &#8211; Vera Salinas- el cierre de espacio como basurero y se retiren los desechos depositados.&nbsp;<\/p>\n\n\n\n<p>\u201cNo al basurero\u201d, \u201cNo a la contaminaci\u00f3n\u201d manifestaron los habitantes, quienes \u201ctomaron\u201d urbanos y unidades de taxi para cerrar el paso en el crucero del puente \u201cIV Centenario\u201d que conecta con la agencia y municipios de la zona conurbada.&nbsp;<\/p>\n\n\n\n<p>Tras el di\u00e1logo con los vecinos, Jos\u00e9 Manuel Vera Salinas retir\u00f3 a la polic\u00eda y de forma sigilosa huy\u00f3 del lugar, por una v\u00eda alterna; en tanto, ninguna autoridad del gobierno municipal&nbsp;se hizo presente.<\/p>\n\n\n\n<p>Tras ello, poco despu\u00e9s del mediod\u00eda, el edil Mart\u00ednez Neri orden\u00f3 el retiro de la basura de la antigua f\u00e1brica de triplay y con lo cual alrededor de las dos de la tarde se comenzaron a retirar los bloqueos en la ciudad de Oaxaca. <\/p>\n\n\n\n<figure class=\"wp-block-embed is-type-rich is-provider-twitter wp-block-embed-twitter\"><div class=\"wp-block-embed__wrapper\">\n<div class=\"twitter-tweet\"><blockquote class=\"twitter-tweet\" data-lang=\"es\"><p lang=\"es\" dir=\"ltr\"><a href=\"https:\/\/twitter.com\/hashtag\/%C3%9AltimoMinuto?src=hash&amp;ref_src=twsrc%5Etfw\">#\u00daltimoMinuto<\/a> <br>As\u00ed se fug\u00f3 el titular de la <a href=\"https:\/\/twitter.com\/SESESP_GobOax?ref_src=twsrc%5Etfw\">@SESESP_GobOax<\/a>, <a href=\"https:\/\/twitter.com\/polux100?ref_src=twsrc%5Etfw\">@polux100<\/a>, del conflicto en la ex f\u00e1brica de triplay, tras custodiar con antimotines la zona para tirar basura en ese sitio, a lo cual se ponen vecinos de la parte sur de la capital oaxaque\u00f1a. <a href=\"https:\/\/t.co\/yHqjExG7Bp\">pic.twitter.com\/yHqjExG7Bp<\/a><\/p>&mdash; Zona Roja Oaxaca (@ZonaRoja_Oaxaca) <a href=\"https:\/\/twitter.com\/ZonaRoja_Oaxaca\/status\/1590762521484734464?ref_src=twsrc%5Etfw\">10 de noviembre de 2022<\/a><\/blockquote><\/div>\n<\/div><\/figure>\n","protected":false},"excerpt":{"rendered":"<p>Yuridiana Sosa\/Zona Roja Oaxaca de Ju\u00e1rez, Oax., 10 de noviembre de 2022.- Nuevamente la crisis&hellip;<\/p>\n","protected":false},"author":2,"featured_media":47869,"comment_status":"closed","ping_status":"open","sticky":false,"template":"","format":"standard","meta":{"_lmt_disableupdate":"","_lmt_disable":"","_jetpack_memberships_contains_paid_content":false,"footnotes":""},"categories":[109,47],"tags":[],"class_list":["post-47867","post","type-post","status-publish","format-standard","has-post-thumbnail","hentry","category-minuto-a-minuto","category-zona-gris"],"jetpack_featured_media_url":"https:\/\/zonaroja.com.mx\/wp-content\/uploads\/2022\/11\/Basurero-fabrica-de-triplay.jpg","jetpack_sharing_enabled":true,"_links":{"self":[{"href":"https:\/\/zonaroja.com.mx\/index.php?rest_route=\/wp\/v2\/posts\/47867","targetHints":{"allow":["GET"]}}],"collection":[{"href":"https:\/\/zonaroja.com.mx\/index.php?rest_route=\/wp\/v2\/posts"}],"about":[{"href":"https:\/\/zonaroja.com.mx\/index.php?rest_route=\/wp\/v2\/types\/post"}],"author":[{"embeddable":true,"href":"https:\/\/zonaroja.com.mx\/index.php?rest_route=\/wp\/v2\/users\/2"}],"replies":[{"embeddable":true,"href":"https:\/\/zonaroja.com.mx\/index.php?rest_route=%2Fwp%2Fv2%2Fcomments&post=47867"}],"version-history":[{"count":2,"href":"https:\/\/zonaroja.com.mx\/index.php?rest_route=\/wp\/v2\/posts\/47867\/revisions"}],"predecessor-version":[{"id":47871,"href":"https:\/\/zonaroja.com.mx\/index.php?rest_route=\/wp\/v2\/posts\/47867\/revisions\/47871"}],"wp:featuredmedia":[{"embeddable":true,"href":"https:\/\/zonaroja.com.mx\/index.php?rest_route=\/wp\/v2\/media\/47869"}],"wp:attachment":[{"href":"https:\/\/zonaroja.com.mx\/index.php?rest_route=%2Fwp%2Fv2%2Fmedia&parent=47867"}],"wp:term":[{"taxonomy":"category","embeddable":true,"href":"https:\/\/zonaroja.com.mx\/index.php?rest_route=%2Fwp%2Fv2%2Fcategories&post=47867"},{"taxonomy":"post_tag","embeddable":true,"href":"https:\/\/zonaroja.com.mx\/index.php?rest_route=%2Fwp%2Fv2%2Ftags&post=47867"}],"curies":[{"name":"wp","href":"https:\/\/api.w.org\/{rel}","templated":true}]}}