{"id":47874,"date":"2022-11-10T21:32:06","date_gmt":"2022-11-11T03:32:06","guid":{"rendered":"http:\/\/www.zonaroja.com.mx\/?p=47874"},"modified":"2022-11-11T07:07:57","modified_gmt":"2022-11-11T13:07:57","slug":"ignoro-gobierno-estatal-a-neri-para-habilitar-tiradero-provisional-en-la-capital","status":"publish","type":"post","link":"https:\/\/zonaroja.com.mx\/?p=47874","title":{"rendered":"Ignor\u00f3 gobierno estatal a Neri para habilitar tiradero provisional en la capital"},"content":{"rendered":"\n<p>Yuridiana Sosa\/Zona Roja.<\/p>\n\n\n\n<p>Oaxaca de Ju\u00e1rez, Oax., 10 de noviembre de 2022.- El presidente municipal de Oaxaca de Ju\u00e1rez, Francisco Mart\u00ednez Neri, reconoci\u00f3 que el gobernador Alejandro Murat no lo consult\u00f3 para la la apertura de la antigua f\u00e1brica de triplay como basurero provisional, de la cual ahora el gobierno municipal debe retirar la basura ante la inconformidad ciudadana.<\/p>\n\n\n\n<p>Ante un nuevo conflicto surgido este jueves con la habilitaci\u00f3n de un tiradero en la capital, el edil de Oaxaca, junto con su Cabildo, ofreci\u00f3 una conferencia de prensa para aclarar varias situaciones en las que los han responsabilizado por acci\u00f3n u omisi\u00f3n.<\/p>\n\n\n\n<p>A pesar que no fueron requeridos en el di\u00e1logo entre el gobierno estatal y el Sindicato Independiente \u201c3 de Marzo\u201d para habilitar un tiradero provisional, el gobierno municipal retira la basura del lugar, asunto del que Mart\u00ednez Neri habl\u00f3 entre dientes.<\/p>\n\n\n\n<p>Por las m\u00faltiples cr\u00edticas, el presidente municipal dijo que desde hace varios meses, han trabajado con diferentes acciones y propuestas, en las que previamente al cierre del basurero de Zaachila no se pudo concretar la adquisici\u00f3n de siete hect\u00e1reas aleda\u00f1as para continuar su uso por lo menos unos siete a\u00f1os m\u00e1s, por lo que tras su cierre han descartado la posibilidad de la reapertura del propio basurero; esto contradice lo declarado por Murat Hinojosa este jueves, quien busca como alternativa provisional el dep\u00f3sito de desechos el relleno clausurado el 8 de octubre.<\/p>\n\n\n\n<figure class=\"wp-block-embed is-type-rich is-provider-twitter wp-block-embed-twitter\"><div class=\"wp-block-embed__wrapper\">\n<div class=\"twitter-tweet\"><blockquote class=\"twitter-tweet\" data-lang=\"es\"><p lang=\"es\" dir=\"ltr\"><a href=\"https:\/\/twitter.com\/hashtag\/ENVIVO?src=hash&amp;ref_src=twsrc%5Etfw\">#ENVIVO<\/a><br>Oaxaca de Ju\u00e1rez, Oax., a 10 de noviembre de 2022.- Conferencia de prensa del presidente municipal de Oaxaca de Ju\u00e1rez <a href=\"https:\/\/twitter.com\/FMartinezNeri?ref_src=twsrc%5Etfw\">@FMartinezNeri<\/a> sobre la problem\u00e1tica de la basura.<br><br>Transmisi\u00f3n \ud83d\udc47<a href=\"https:\/\/t.co\/j9UImbbiRK\">https:\/\/t.co\/j9UImbbiRK<\/a><\/p>&mdash; Zona Roja Oaxaca (@ZonaRoja_Oaxaca) <a href=\"https:\/\/twitter.com\/ZonaRoja_Oaxaca\/status\/1590798884745641984?ref_src=twsrc%5Etfw\">10 de noviembre de 2022<\/a><\/blockquote><\/div>\n<\/div><\/figure>\n\n\n\n<p>Como alternativa a la crisis actual, dijo, se opt\u00f3 por el traslado de los residuos a trav\u00e9s de g\u00f3ndolas al estado de Puebla, lo que ha permitido la desocupaci\u00f3n del 50 por ciento del predio del \u201ccuartel\u201d en riberas del r\u00edo \u201cSalado\u201d, el cual funge como basurero municipal provisional.<\/p>\n\n\n\n<p>Por este servicio el gobierno municipal ha llevado unas 600 toneladas que se han depositado en Puebla, de acuerdo con datos ofrecidos por la regidora de Regidur\u00eda de Hacienda Municipal, Transparencia y Gobierno Abierto, Judith Carre\u00f1o Hern\u00e1ndez.<\/p>\n\n\n\n<p>Apunt\u00f3 que entre el lunes y el mi\u00e9rcoles se hab\u00edan enviado 600 toneladas al estado vecino, con un equivalente a 209 pesos por tonelada ingresada, as\u00ed como que cada viaje cuesta 55 mil pesos.<\/p>\n\n\n\n<p>Mart\u00ednez Neri apunt\u00f3 que el gobierno municipal cuenta con la capacidad financiera para solventar la crisis, contemplando que pueden hacer uso de recursos extraordinarios.<\/p>\n\n\n\n<figure class=\"wp-block-embed is-type-rich is-provider-twitter wp-block-embed-twitter\"><div class=\"wp-block-embed__wrapper\">\n<div class=\"twitter-tweet\"><blockquote class=\"twitter-tweet\" data-lang=\"es\"><p lang=\"es\" dir=\"ltr\"><a href=\"https:\/\/twitter.com\/hashtag\/%C3%9AltimoMinuto?src=hash&amp;ref_src=twsrc%5Etfw\">#\u00daltimoMinuto<\/a> <br>El <a href=\"https:\/\/twitter.com\/GobOax?ref_src=twsrc%5Etfw\">@GobOax<\/a> no consult\u00f3 al edil <a href=\"https:\/\/twitter.com\/FMartinezNeri?ref_src=twsrc%5Etfw\">@FMartinezNeri<\/a> para llevar la basura a la antigua f\u00e1brica de triplay, reconoci\u00f3 hoy el mun\u00edcipe, lo cual gener\u00f3 rechazo social y bloqueos. <br>Dijo que ya orden\u00f3 el retiro de desechos en esa zona, lo cual desactiv\u00f3 las protestas. <a href=\"https:\/\/t.co\/nwS23TOzwj\">pic.twitter.com\/nwS23TOzwj<\/a><\/p>&mdash; Zona Roja Oaxaca (@ZonaRoja_Oaxaca) <a href=\"https:\/\/twitter.com\/ZonaRoja_Oaxaca\/status\/1590811148856987648?ref_src=twsrc%5Etfw\">10 de noviembre de 2022<\/a><\/blockquote><\/div>\n<\/div><\/figure>\n\n\n\n<p>REDUCEN MULTA<\/p>\n\n\n\n<p>Respecto a la problem\u00e1tica con San Pablo, Etla, surgida por la intenci\u00f3n de ocupar un predio particular como dep\u00f3sito de desechos org\u00e1nicos, se\u00f1al\u00f3 que se dialoga con las autoridades involucradas del Valle de Etla a fin de aceptar su propuesta y reducir la multa aplicada de cinco millones 100 mil pesos.<\/p>\n\n\n\n<p>Mart\u00ednez Neri asegur\u00f3 que no hubo da\u00f1o a la comunidad ante el retiro de los desechos org\u00e1nicos, los cuales se tratan exclusivamente de depositar en terrenos de comunidades vecinas.<\/p>\n\n\n\n<p>De tres autoridades involucradas, una ya acept\u00f3, mientras que con las otras dos mantiene di\u00e1logo.<\/p>\n\n\n\n<p>Aclar\u00f3 que como gobierno capitalino no se abus\u00f3 ni se actu\u00f3 de forma arbitraria sobre sus vecinos de Etla, y el incidente se origin\u00f3 ante la omisi\u00f3n del propietario del terreno para conseguir los permisos correspondientes, como hab\u00edan acordado.<\/p>\n\n\n\n<p>Previamente, en la sesi\u00f3n de Cabildo, la mayor\u00eda de concejales aprob\u00f3 un acuerdo por el cual se solicitar\u00e1 al gobernador Alejandro Murat Hinojosa que pida a la Comisi\u00f3n Federal de Protecci\u00f3n contra Riesgos Sanitarios (Cofepris) emita una declaratoria de emergencia sanitaria para la capital, ante el c\u00famulo de desechos, que ponen en riesgo la salud de la poblaci\u00f3n.<\/p>\n\n\n\n<figure class=\"wp-block-embed is-type-rich is-provider-twitter wp-block-embed-twitter\"><div class=\"wp-block-embed__wrapper\">\n<div class=\"twitter-tweet\"><blockquote class=\"twitter-tweet\" data-lang=\"es\"><p lang=\"es\" dir=\"ltr\">Por la <a href=\"https:\/\/twitter.com\/hashtag\/CrisisDeLaBasura?src=hash&amp;ref_src=twsrc%5Etfw\">#CrisisDeLaBasura<\/a>, \u00bfcu\u00e1nto cuesta al <a href=\"https:\/\/twitter.com\/MunicipioOaxaca?ref_src=twsrc%5Etfw\">@MunicipioOaxaca<\/a> llevar la basura a un tiradero autorizado en el estado de Puebla?<br>Esto se explic\u00f3 en la conferencia de prensa que dio el edil <a href=\"https:\/\/twitter.com\/FMartinezNeri?ref_src=twsrc%5Etfw\">@FMartinezNeri<\/a>: <a href=\"https:\/\/t.co\/nroyYEKd70\">pic.twitter.com\/nroyYEKd70<\/a><\/p>&mdash; Zona Roja Oaxaca (@ZonaRoja_Oaxaca) <a href=\"https:\/\/twitter.com\/ZonaRoja_Oaxaca\/status\/1590889230573899778?ref_src=twsrc%5Etfw\">11 de noviembre de 2022<\/a><\/blockquote><\/div>\n<\/div><\/figure>\n","protected":false},"excerpt":{"rendered":"<p>Yuridiana Sosa\/Zona Roja. Oaxaca de Ju\u00e1rez, Oax., 10 de noviembre de 2022.- El presidente municipal&hellip;<\/p>\n","protected":false},"author":2,"featured_media":47875,"comment_status":"closed","ping_status":"open","sticky":false,"template":"","format":"standard","meta":{"_lmt_disableupdate":"","_lmt_disable":"","_jetpack_memberships_contains_paid_content":false,"footnotes":""},"categories":[109,47],"tags":[2418],"class_list":["post-47874","post","type-post","status-publish","format-standard","has-post-thumbnail","hentry","category-minuto-a-minuto","category-zona-gris","tag-francisco-martinez-neri"],"jetpack_featured_media_url":"https:\/\/zonaroja.com.mx\/wp-content\/uploads\/2022\/11\/Conferencia-de-prensa-Francisco-Martinez-Neri.jpg","jetpack_sharing_enabled":true,"_links":{"self":[{"href":"https:\/\/zonaroja.com.mx\/index.php?rest_route=\/wp\/v2\/posts\/47874","targetHints":{"allow":["GET"]}}],"collection":[{"href":"https:\/\/zonaroja.com.mx\/index.php?rest_route=\/wp\/v2\/posts"}],"about":[{"href":"https:\/\/zonaroja.com.mx\/index.php?rest_route=\/wp\/v2\/types\/post"}],"author":[{"embeddable":true,"href":"https:\/\/zonaroja.com.mx\/index.php?rest_route=\/wp\/v2\/users\/2"}],"replies":[{"embeddable":true,"href":"https:\/\/zonaroja.com.mx\/index.php?rest_route=%2Fwp%2Fv2%2Fcomments&post=47874"}],"version-history":[{"count":3,"href":"https:\/\/zonaroja.com.mx\/index.php?rest_route=\/wp\/v2\/posts\/47874\/revisions"}],"predecessor-version":[{"id":47887,"href":"https:\/\/zonaroja.com.mx\/index.php?rest_route=\/wp\/v2\/posts\/47874\/revisions\/47887"}],"wp:featuredmedia":[{"embeddable":true,"href":"https:\/\/zonaroja.com.mx\/index.php?rest_route=\/wp\/v2\/media\/47875"}],"wp:attachment":[{"href":"https:\/\/zonaroja.com.mx\/index.php?rest_route=%2Fwp%2Fv2%2Fmedia&parent=47874"}],"wp:term":[{"taxonomy":"category","embeddable":true,"href":"https:\/\/zonaroja.com.mx\/index.php?rest_route=%2Fwp%2Fv2%2Fcategories&post=47874"},{"taxonomy":"post_tag","embeddable":true,"href":"https:\/\/zonaroja.com.mx\/index.php?rest_route=%2Fwp%2Fv2%2Ftags&post=47874"}],"curies":[{"name":"wp","href":"https:\/\/api.w.org\/{rel}","templated":true}]}}