{"id":47877,"date":"2022-11-10T21:55:21","date_gmt":"2022-11-11T03:55:21","guid":{"rendered":"http:\/\/www.zonaroja.com.mx\/?p=47877"},"modified":"2022-11-10T21:55:23","modified_gmt":"2022-11-11T03:55:23","slug":"edil-ebrio-de-alotepec-mixe-causa-destrozos-y-lo-encarcelan","status":"publish","type":"post","link":"https:\/\/zonaroja.com.mx\/?p=47877","title":{"rendered":"Edil ebrio de Alotepec Mixe causa destrozos y lo encarcelan"},"content":{"rendered":"\n<p>Redacci\u00f3n\/Zona Roja.<\/p>\n\n\n\n<p>Oaxaca de Ju\u00e1rez, Oax., a 10 de noviembre de 2022.- El presidente municipal de Santa Maria Alotepec Mixe, Orestes Sandoval Zamora, y el tesorero municipal, Agust\u00edn Antonio Soto, fueron encarcelados por la comunidad este jueves, por causar da\u00f1os a un poste de luz, al conducir en estado de ebriedad un veh\u00edculo.<\/p>\n\n\n\n<p>De acuerdo con informaci\u00f3n que compartida en redes sociales, el edil y el funcionario del ayuntamiento viajaban en una camioneta propiedad del municipio, pero chocaron con un poste de energ\u00eda el\u00e9ctrica, por lo cual varias zonas quedaron a oscuras.<\/p>\n\n\n\n<p>Ante ello, y a petici\u00f3n de los pobladores, el s\u00edndico orden\u00f3 la detenci\u00f3n y encarcelamiento de ambos, en tanto se solicita a la Comisi\u00f3n Federal de Electricidad la valoraci\u00f3n de los da\u00f1os, para que sean cubiertos por los se\u00f1alados.<\/p>\n\n\n\n<p>Un reducido grupo de personas, encabezados por Gilberto Luis, Rolando Anacleto y Heriberto Luna, quienes impulsaron al edil a la presidencia municipal, pretend\u00edan impedir que fuera recluido en la c\u00e1rcel municipal para que no respondiera por los da\u00f1os causados al patrimonio de la comunidad, pero la polic\u00eda municipal arrest\u00f3 al edil como al tesorero.<\/p>\n\n\n\n<p>Informaron que no es la primera vez que ocurren este tipo de incidentes, pues en agosto pasado, el tesorero caus\u00f3 da\u00f1os tambi\u00e9n a una unidad de motor del ayuntamiento, al manejar en estado de ebriedad.&nbsp;<\/p>\n\n\n\n<p>La poblaci\u00f3n inform\u00f3 que en una asamblea, determinar\u00e1 si se le revoca el cargo a ambos concejales, pues han sido m\u00faltiples anomal\u00edas en las que han incurrido, se han gastado el dinero en disipaciones y no hay obra p\u00fablica ni apoyo para los habitantes de ese municipio de la regi\u00f3n Sierra de Ju\u00e1rez.<\/p>\n","protected":false},"excerpt":{"rendered":"<p>Redacci\u00f3n\/Zona Roja. Oaxaca de Ju\u00e1rez, Oax., a 10 de noviembre de 2022.- El presidente municipal&hellip;<\/p>\n","protected":false},"author":2,"featured_media":47878,"comment_status":"closed","ping_status":"open","sticky":false,"template":"","format":"standard","meta":{"_lmt_disableupdate":"","_lmt_disable":"","_jetpack_memberships_contains_paid_content":false,"footnotes":""},"categories":[109,47],"tags":[474],"class_list":["post-47877","post","type-post","status-publish","format-standard","has-post-thumbnail","hentry","category-minuto-a-minuto","category-zona-gris","tag-santa-maria-alotepec-mixe"],"jetpack_featured_media_url":"https:\/\/zonaroja.com.mx\/wp-content\/uploads\/2022\/11\/Edil-Alotepec-Mixe-Orestes-Sandoval.jpg","jetpack_sharing_enabled":true,"_links":{"self":[{"href":"https:\/\/zonaroja.com.mx\/index.php?rest_route=\/wp\/v2\/posts\/47877","targetHints":{"allow":["GET"]}}],"collection":[{"href":"https:\/\/zonaroja.com.mx\/index.php?rest_route=\/wp\/v2\/posts"}],"about":[{"href":"https:\/\/zonaroja.com.mx\/index.php?rest_route=\/wp\/v2\/types\/post"}],"author":[{"embeddable":true,"href":"https:\/\/zonaroja.com.mx\/index.php?rest_route=\/wp\/v2\/users\/2"}],"replies":[{"embeddable":true,"href":"https:\/\/zonaroja.com.mx\/index.php?rest_route=%2Fwp%2Fv2%2Fcomments&post=47877"}],"version-history":[{"count":1,"href":"https:\/\/zonaroja.com.mx\/index.php?rest_route=\/wp\/v2\/posts\/47877\/revisions"}],"predecessor-version":[{"id":47879,"href":"https:\/\/zonaroja.com.mx\/index.php?rest_route=\/wp\/v2\/posts\/47877\/revisions\/47879"}],"wp:featuredmedia":[{"embeddable":true,"href":"https:\/\/zonaroja.com.mx\/index.php?rest_route=\/wp\/v2\/media\/47878"}],"wp:attachment":[{"href":"https:\/\/zonaroja.com.mx\/index.php?rest_route=%2Fwp%2Fv2%2Fmedia&parent=47877"}],"wp:term":[{"taxonomy":"category","embeddable":true,"href":"https:\/\/zonaroja.com.mx\/index.php?rest_route=%2Fwp%2Fv2%2Fcategories&post=47877"},{"taxonomy":"post_tag","embeddable":true,"href":"https:\/\/zonaroja.com.mx\/index.php?rest_route=%2Fwp%2Fv2%2Ftags&post=47877"}],"curies":[{"name":"wp","href":"https:\/\/api.w.org\/{rel}","templated":true}]}}