{"id":47880,"date":"2022-11-10T22:27:23","date_gmt":"2022-11-11T04:27:23","guid":{"rendered":"http:\/\/www.zonaroja.com.mx\/?p=47880"},"modified":"2022-11-10T22:27:24","modified_gmt":"2022-11-11T04:27:24","slug":"asesinan-a-individuo-en-huajuapan-de-leon-oaxaca","status":"publish","type":"post","link":"https:\/\/zonaroja.com.mx\/?p=47880","title":{"rendered":"Asesinan a individuo en Huajuapan de Le\u00f3n, Oaxaca"},"content":{"rendered":"\n<p>Redacci\u00f3n\/Zona Roja. Foto: Cortes\u00eda<\/p>\n\n\n\n<p>Oaxaca de Ju\u00e1rez, Oax., a 10 de noviembre de 2022.- Una persona del sexo masculino fue asesinada a balazos este jueves, en Huajuapan de Le\u00f3n, municipio de la regi\u00f3n Mixteca de Oaxaca.<\/p>\n\n\n\n<p>De acuerdo con reportes policiacos, el cuerpo fue localizado en la calle Lago de Chapala, cerca del paraje \u201cLos Sabinos\u201d, de la agencia de Acatlima.<\/p>\n\n\n\n<p>Aparenta aproximadamente 39 a\u00f1os de edad y presenta varios disparos de arma de fuego, una de ellas en la cabeza; la v\u00edctima a\u00fan no ha sido identificada debido a que no portaba identificaciones.<\/p>\n\n\n\n<p>Fue alrededor de las 07:30 horas en que vecinos pidieron el auxilio a las autoridades policiacas, al ver tirado el cuerpo en la calle.<\/p>\n\n\n\n<p>Tras ello fue valorado por param\u00e9dicos, que corroboraron que ya no contaba con signos vitales.<\/p>\n\n\n\n<p>La Vicefiscal\u00eda Regional de la Mixteca inici\u00f3 las indagatorias con la finalidad de dar con el paradero del o de los homicidas.<\/p>\n","protected":false},"excerpt":{"rendered":"<p>Redacci\u00f3n\/Zona Roja. Foto: Cortes\u00eda Oaxaca de Ju\u00e1rez, Oax., a 10 de noviembre de 2022.- Una&hellip;<\/p>\n","protected":false},"author":2,"featured_media":47881,"comment_status":"closed","ping_status":"open","sticky":false,"template":"","format":"standard","meta":{"_lmt_disableupdate":"","_lmt_disable":"","_jetpack_memberships_contains_paid_content":false,"footnotes":""},"categories":[109,51],"tags":[594],"class_list":["post-47880","post","type-post","status-publish","format-standard","has-post-thumbnail","hentry","category-minuto-a-minuto","category-zona-roja","tag-huajuapan-de-leon"],"jetpack_featured_media_url":"https:\/\/zonaroja.com.mx\/wp-content\/uploads\/2022\/11\/Asesinado-en-Huajuapan-de-Leon.jpeg","jetpack_sharing_enabled":true,"_links":{"self":[{"href":"https:\/\/zonaroja.com.mx\/index.php?rest_route=\/wp\/v2\/posts\/47880","targetHints":{"allow":["GET"]}}],"collection":[{"href":"https:\/\/zonaroja.com.mx\/index.php?rest_route=\/wp\/v2\/posts"}],"about":[{"href":"https:\/\/zonaroja.com.mx\/index.php?rest_route=\/wp\/v2\/types\/post"}],"author":[{"embeddable":true,"href":"https:\/\/zonaroja.com.mx\/index.php?rest_route=\/wp\/v2\/users\/2"}],"replies":[{"embeddable":true,"href":"https:\/\/zonaroja.com.mx\/index.php?rest_route=%2Fwp%2Fv2%2Fcomments&post=47880"}],"version-history":[{"count":1,"href":"https:\/\/zonaroja.com.mx\/index.php?rest_route=\/wp\/v2\/posts\/47880\/revisions"}],"predecessor-version":[{"id":47882,"href":"https:\/\/zonaroja.com.mx\/index.php?rest_route=\/wp\/v2\/posts\/47880\/revisions\/47882"}],"wp:featuredmedia":[{"embeddable":true,"href":"https:\/\/zonaroja.com.mx\/index.php?rest_route=\/wp\/v2\/media\/47881"}],"wp:attachment":[{"href":"https:\/\/zonaroja.com.mx\/index.php?rest_route=%2Fwp%2Fv2%2Fmedia&parent=47880"}],"wp:term":[{"taxonomy":"category","embeddable":true,"href":"https:\/\/zonaroja.com.mx\/index.php?rest_route=%2Fwp%2Fv2%2Fcategories&post=47880"},{"taxonomy":"post_tag","embeddable":true,"href":"https:\/\/zonaroja.com.mx\/index.php?rest_route=%2Fwp%2Fv2%2Ftags&post=47880"}],"curies":[{"name":"wp","href":"https:\/\/api.w.org\/{rel}","templated":true}]}}