{"id":47883,"date":"2022-11-11T08:07:00","date_gmt":"2022-11-11T14:07:00","guid":{"rendered":"http:\/\/www.zonaroja.com.mx\/?p=47883"},"modified":"2022-11-11T06:56:55","modified_gmt":"2022-11-11T12:56:55","slug":"reprocha-gobierno-federal-a-juez-de-oaxaca-liberacion-de-dos-narcotraficantes","status":"publish","type":"post","link":"https:\/\/zonaroja.com.mx\/?p=47883","title":{"rendered":"Reprocha gobierno federal a juez de Oaxaca liberaci\u00f3n de dos narcotraficantes"},"content":{"rendered":"\n<p>Redacci\u00f3n\/Zona Roja Cdmx.<\/p>\n\n\n\n<p>Ciudad de M\u00e9xico, a 11 de noviembre de 2022.- El subsecretario de Seguridad y Protecci\u00f3n Ciudadana&nbsp;(SSPC), Ricardo Mej\u00eda, reproch\u00f3 que un juez de Oaxaca liber\u00f3 de dos personas que fueron detenidas por elementos de la Secretar\u00eda de Marina (Semar), cuando traficaban 600 kilogramos de coca\u00edna.&nbsp;<\/p>\n\n\n\n<p>En la \u201cma\u00f1anera\u201d de ayer, desde Palacio Nacional, el funcionario federal detall\u00f3 que el juez&nbsp;\u00c1lvaro Nu\u00f1o&nbsp;orden\u00f3 la liberaci\u00f3n inmediata, argumentando que el delito ocurri\u00f3 fuera de la zona l\u00edmite de aguas internacionales.<\/p>\n\n\n\n<p>\u00abUna de las \u00faltimas&nbsp;operaciones en Huatulco, un juez, \u00c1lvaro Nu\u00f1o, orden\u00f3 la inmediata libertad de dos personas detenidas por la Secretar\u00eda de Marina cuando traficaban con droga, estos sujetos 600 kilogramos de cocina, agredieron a personal&nbsp;naval y fueron detenidos, y el juez liber\u00f3 argumentando que fue fuera de la zona l\u00edmite&nbsp;en aguas internacionales\u00bb, dijo.&nbsp;<\/p>\n\n\n\n<p>Mej\u00eda Berdeja indic\u00f3 que la Fiscal\u00eda General va apelar la liberaci\u00f3n que otorg\u00f3&nbsp;el juez, pues explic\u00f3 que \u00ablo grave\u00bb es que ese d\u00eda se asegur\u00f3 una embarcaci\u00f3n menor, 600 kilos de coca\u00edna, adem\u00e1s de que los detenidos atentaron contra la aeronave de la Semar.&nbsp;<\/p>\n\n\n\n<p>\u00abNo obstante todas estos elementos los puso en libertad. Ya nada m\u00e1s faltaba que le regresara la coca\u00edna. No consider\u00f3 el juez los tratados internacionales\u00bb, coment\u00f3.<\/p>\n\n\n\n<p>(Informaci\u00f3n de \u201cMilenio\u201d)<\/p>\n","protected":false},"excerpt":{"rendered":"<p>Redacci\u00f3n\/Zona Roja Cdmx. Ciudad de M\u00e9xico, a 11 de noviembre de 2022.- El subsecretario de&hellip;<\/p>\n","protected":false},"author":2,"featured_media":47884,"comment_status":"closed","ping_status":"open","sticky":false,"template":"","format":"standard","meta":{"_lmt_disableupdate":"","_lmt_disable":"","_jetpack_memberships_contains_paid_content":false,"footnotes":""},"categories":[109,47],"tags":[],"class_list":["post-47883","post","type-post","status-publish","format-standard","has-post-thumbnail","hentry","category-minuto-a-minuto","category-zona-gris"],"jetpack_featured_media_url":"https:\/\/zonaroja.com.mx\/wp-content\/uploads\/2022\/11\/Marina-droga-Huatulco.jpeg","jetpack_sharing_enabled":true,"_links":{"self":[{"href":"https:\/\/zonaroja.com.mx\/index.php?rest_route=\/wp\/v2\/posts\/47883","targetHints":{"allow":["GET"]}}],"collection":[{"href":"https:\/\/zonaroja.com.mx\/index.php?rest_route=\/wp\/v2\/posts"}],"about":[{"href":"https:\/\/zonaroja.com.mx\/index.php?rest_route=\/wp\/v2\/types\/post"}],"author":[{"embeddable":true,"href":"https:\/\/zonaroja.com.mx\/index.php?rest_route=\/wp\/v2\/users\/2"}],"replies":[{"embeddable":true,"href":"https:\/\/zonaroja.com.mx\/index.php?rest_route=%2Fwp%2Fv2%2Fcomments&post=47883"}],"version-history":[{"count":1,"href":"https:\/\/zonaroja.com.mx\/index.php?rest_route=\/wp\/v2\/posts\/47883\/revisions"}],"predecessor-version":[{"id":47885,"href":"https:\/\/zonaroja.com.mx\/index.php?rest_route=\/wp\/v2\/posts\/47883\/revisions\/47885"}],"wp:featuredmedia":[{"embeddable":true,"href":"https:\/\/zonaroja.com.mx\/index.php?rest_route=\/wp\/v2\/media\/47884"}],"wp:attachment":[{"href":"https:\/\/zonaroja.com.mx\/index.php?rest_route=%2Fwp%2Fv2%2Fmedia&parent=47883"}],"wp:term":[{"taxonomy":"category","embeddable":true,"href":"https:\/\/zonaroja.com.mx\/index.php?rest_route=%2Fwp%2Fv2%2Fcategories&post=47883"},{"taxonomy":"post_tag","embeddable":true,"href":"https:\/\/zonaroja.com.mx\/index.php?rest_route=%2Fwp%2Fv2%2Ftags&post=47883"}],"curies":[{"name":"wp","href":"https:\/\/api.w.org\/{rel}","templated":true}]}}