{"id":47888,"date":"2022-11-11T07:35:45","date_gmt":"2022-11-11T13:35:45","guid":{"rendered":"http:\/\/www.zonaroja.com.mx\/?p=47888"},"modified":"2022-11-11T07:35:46","modified_gmt":"2022-11-11T13:35:46","slug":"y-como-van-los-casos-de-los-recientes-feminicidios-que-han-cimbrado-mexico","status":"publish","type":"post","link":"https:\/\/zonaroja.com.mx\/?p=47888","title":{"rendered":"\u00bfY c\u00f3mo van los casos de los recientes feminicidios que han cimbrado M\u00e9xico?"},"content":{"rendered":"\n<p>Redacci\u00f3n\/Zona Roja Cdmx.<\/p>\n\n\n\n<p>Ciudad de M\u00e9xico, a 11 de noviembre de 2022.- La Fiscal\u00eda General de la Ciudad de M\u00e9xico dio a conocer la detenci\u00f3n ayer de Fernando \u201cN\u201d, taxista que trasladaba a Lidia Gabriela y que se arroj\u00f3 de la unidad ante el temor de una agresi\u00f3n.<\/p>\n\n\n\n<p>Los hechos sucedieron el pasado 1 de noviembre, cuando la joven pidi\u00f3 un viaje a la unidad de motor, con rumbo a la estaci\u00f3n Constituci\u00f3n 1917 del Metro de la capital del pa\u00eds, pero al ver en riesgo su vida y no parar el taxi donde lo pidi\u00f3, decidi\u00f3 arrojarse de la unidad en movimiento, lo cual provoc\u00f3 su muerte.<\/p>\n\n\n\n<p>De acuerdo con la Fiscal\u00eda, la detenci\u00f3n de Fernando \u201cN\u201d se realiz\u00f3 tras un cateo a un domicilio de la colonia Granjas Estrella.<\/p>\n\n\n\n<p>CASO M\u00d3NICA CITLALLI<\/p>\n\n\n\n<p>Del caso de M\u00f3nica Citlalli D. R., maestra de ingl\u00e9s en el Estado de M\u00e9xico, la Fiscal\u00eda de esa entidad busca a Jes\u00fas Alexis \u00c1lvarez Ortiz, pareja de la joven, cuyo cuerpo fue hallado sin vida el pasado 3 de noviembre en el&nbsp;kil\u00f3metro 40 de la autopista&nbsp;M\u00e9xico-Cuernavaca.<\/p>\n\n\n\n<p>Su desaparici\u00f3n fue reportada en&nbsp;la colonia&nbsp;San Juan Alcahuacan, en el municipio de&nbsp;Ecatepec, Estado de M\u00e9xico.<\/p>\n\n\n\n<p>La \u00faltima vez vieron a Jes\u00fas Alexis, de a cuerdo con su ficha de b\u00fasqueda, fue el 5 de noviembre en el municipio de Ecatepec, colonia Jardines de Ecatepec, en territorio mexiquense.&nbsp;<\/p>\n\n\n\n<p>Llevaba playera de color azul con manga larga, sudadera color naranja y unos tenis oscuros de los que no se especific\u00f3 mucho m\u00e1s.<\/p>\n\n\n\n<p>CASO ARIADNA<\/p>\n\n\n\n<p>Del caso de Ariadna Fernanda L. D., la fiscal especializada en Feminicidios del estado de Morelos, Fabiola Betanzos, insisti\u00f3 ayer que el cuerpo de la joven no presentaba trauma m\u00faltiple por golpes, como se\u00f1ala la fiscal\u00eda de la Ciudad de M\u00e9xico y que hay un respaldo fotogr\u00e1fico.<\/p>\n\n\n\n<p>Recalc\u00f3 que la mujer falleci\u00f3 por broncoaspiraci\u00f3n por ingesta de alcohol y que el cuerpo s\u00ed ten\u00eda golpes, pero que no pudieron causarle la muerte. El cuerpo fue hallado el pasado 31 de octubre en el estado de Morelos.<\/p>\n\n\n\n<p>En tanto Rautel \u201cN\u201d y Vanessa \u201cN\u201d contin\u00faan bajo proceso judicial, el primero como probable autor del feminicidio, ocurrido el pasado y la segunda como copart\u00edcipe de los hechos.<\/p>\n","protected":false},"excerpt":{"rendered":"<p>Redacci\u00f3n\/Zona Roja Cdmx. Ciudad de M\u00e9xico, a 11 de noviembre de 2022.- La Fiscal\u00eda General&hellip;<\/p>\n","protected":false},"author":2,"featured_media":47889,"comment_status":"closed","ping_status":"open","sticky":false,"template":"","format":"standard","meta":{"_lmt_disableupdate":"","_lmt_disable":"","_jetpack_memberships_contains_paid_content":false,"footnotes":""},"categories":[109,47],"tags":[1209],"class_list":["post-47888","post","type-post","status-publish","format-standard","has-post-thumbnail","hentry","category-minuto-a-minuto","category-zona-gris","tag-feminicidios-mexico"],"jetpack_featured_media_url":"https:\/\/zonaroja.com.mx\/wp-content\/uploads\/2022\/11\/Feminicidios-Mexico.jpg","jetpack_sharing_enabled":true,"_links":{"self":[{"href":"https:\/\/zonaroja.com.mx\/index.php?rest_route=\/wp\/v2\/posts\/47888","targetHints":{"allow":["GET"]}}],"collection":[{"href":"https:\/\/zonaroja.com.mx\/index.php?rest_route=\/wp\/v2\/posts"}],"about":[{"href":"https:\/\/zonaroja.com.mx\/index.php?rest_route=\/wp\/v2\/types\/post"}],"author":[{"embeddable":true,"href":"https:\/\/zonaroja.com.mx\/index.php?rest_route=\/wp\/v2\/users\/2"}],"replies":[{"embeddable":true,"href":"https:\/\/zonaroja.com.mx\/index.php?rest_route=%2Fwp%2Fv2%2Fcomments&post=47888"}],"version-history":[{"count":1,"href":"https:\/\/zonaroja.com.mx\/index.php?rest_route=\/wp\/v2\/posts\/47888\/revisions"}],"predecessor-version":[{"id":47890,"href":"https:\/\/zonaroja.com.mx\/index.php?rest_route=\/wp\/v2\/posts\/47888\/revisions\/47890"}],"wp:featuredmedia":[{"embeddable":true,"href":"https:\/\/zonaroja.com.mx\/index.php?rest_route=\/wp\/v2\/media\/47889"}],"wp:attachment":[{"href":"https:\/\/zonaroja.com.mx\/index.php?rest_route=%2Fwp%2Fv2%2Fmedia&parent=47888"}],"wp:term":[{"taxonomy":"category","embeddable":true,"href":"https:\/\/zonaroja.com.mx\/index.php?rest_route=%2Fwp%2Fv2%2Fcategories&post=47888"},{"taxonomy":"post_tag","embeddable":true,"href":"https:\/\/zonaroja.com.mx\/index.php?rest_route=%2Fwp%2Fv2%2Ftags&post=47888"}],"curies":[{"name":"wp","href":"https:\/\/api.w.org\/{rel}","templated":true}]}}