{"id":47891,"date":"2022-11-11T07:49:16","date_gmt":"2022-11-11T13:49:16","guid":{"rendered":"http:\/\/www.zonaroja.com.mx\/?p=47891"},"modified":"2022-11-11T07:49:18","modified_gmt":"2022-11-11T13:49:18","slug":"invita-poder-judicial-a-consultar-el-boletin-derechos-humanos-genero-y-justicia","status":"publish","type":"post","link":"https:\/\/zonaroja.com.mx\/?p=47891","title":{"rendered":"Invita Poder Judicial a consultar el bolet\u00edn Derechos Humanos, G\u00e9nero y Justicia"},"content":{"rendered":"\n<p>Redacci\u00f3n\/Zona Roja.<\/p>\n\n\n\n<p>Oaxaca de Ju\u00e1rez, Oax., a 11 de noviembre de 2022.- Para acercar a la ciudadan\u00eda&nbsp;tem\u00e1ticas en torno a la justicia, as\u00ed como fomentar un an\u00e1lisis y reflexi\u00f3n&nbsp;sobre&nbsp;diversos enfoques del acontecer actual en el \u00e1mbito jur\u00eddico,&nbsp;de manera&nbsp;mensual&nbsp;el Poder Judicial del Estado difunde&nbsp;el Bolet\u00edn digital&nbsp;Derechos Humanos, G\u00e9nero y Justicia, que&nbsp;en su m\u00e1s reciente n\u00famero,&nbsp;aborda la libre determinaci\u00f3n de los pueblos y comunidades&nbsp;ind\u00edgenas,&nbsp;as\u00ed como la trata de personas.<\/p>\n\n\n\n<p>Editado&nbsp;a trav\u00e9s de la Direcci\u00f3n de Derechos Humanos del Consejo de la Judicatura,&nbsp;los art\u00edculos&nbsp;que se&nbsp;publican&nbsp;en el archivo digitalya pueden&nbsp;ser consultados&nbsp;en las redes sociales del Tribunal Superior de Justicia en twitter @tsjoaxaca&nbsp;ywww.facebook.com\/TSJOAX&nbsp;y de la Direcci\u00f3n de Derechos Humanos @DerechosDh&nbsp;y&nbsp;www.facebook.com\/DerechosHumanosCJO, as\u00ed como mediante el enlace&nbsp;directo&nbsp;https:\/\/drive.google.com\/file\/d\/1PIihvBzJNabpi4HqYUwjyxXUbijSRJkl\/view.<\/p>\n\n\n\n<p>\u201cEn&nbsp;Defensa del Derecho a la Libre Determinaci\u00f3n de los Pueblos y&nbsp;Comunidades Ind\u00edgenas\u201d, aborda&nbsp;este&nbsp;concepto&nbsp;reconocido en&nbsp;el art\u00edculo 1 del Pacto Internacional de Derechos&nbsp;Civiles y Pol\u00edticos, as\u00ed como en el Pacto Internacional de Derechos Econ\u00f3micos, Sociales y Culturales&nbsp;-ambos instrumentos de Derecho Internacional de&nbsp;los Derechos Humanos-&nbsp;y su importancia desde la\u00f3ptica del defensor&nbsp;y promotor de&nbsp;de derechos humanos, antrop\u00f3logo y colaborador de la Defensor\u00eda de los Derechos Humanos del Pueblo de Oaxaca&nbsp;(DDHPO),&nbsp;Jos\u00e9&nbsp;Alejandro Sandoval Torres.<\/p>\n\n\n\n<p>En el tema \u201cLa Trata de personas en M\u00e9xico\u201d, la doctora Alicia Mesa Bribiesca, licenciada en antropolog\u00eda social, master en Derechos Humanos y actual directora del Centro de Estudios Sociales y Culturales Antonio de Montesinos A.C., reflexiona sobre la importancia de&nbsp;voltear las miradas hac\u00eda este tema, el cualconstituye \u201cun problema grave ya que somos, despu\u00e9s de Tailandia y&nbsp;Camboya, el tercer pa\u00eds con mayor incidencia de este delito\u201d.<\/p>\n\n\n\n<p>La Direcci\u00f3n de Derechos Humanos del Consejo de la Judicatura invita a colaborar, a quienes est\u00e9n interesados, como ilustrador de contenido y la portada de cada edici\u00f3n mensual.&nbsp;<\/p>\n","protected":false},"excerpt":{"rendered":"<p>Redacci\u00f3n\/Zona Roja. Oaxaca de Ju\u00e1rez, Oax., a 11 de noviembre de 2022.- Para acercar a&hellip;<\/p>\n","protected":false},"author":2,"featured_media":47892,"comment_status":"closed","ping_status":"open","sticky":false,"template":"","format":"standard","meta":{"_lmt_disableupdate":"","_lmt_disable":"","_jetpack_memberships_contains_paid_content":false,"footnotes":""},"categories":[109,46],"tags":[223],"class_list":["post-47891","post","type-post","status-publish","format-standard","has-post-thumbnail","hentry","category-minuto-a-minuto","category-zona-blanca","tag-poder-judicial-de-oaxaca"],"jetpack_featured_media_url":"https:\/\/zonaroja.com.mx\/wp-content\/uploads\/2022\/11\/Boletin-Poder-Judicial.jpg","jetpack_sharing_enabled":true,"_links":{"self":[{"href":"https:\/\/zonaroja.com.mx\/index.php?rest_route=\/wp\/v2\/posts\/47891","targetHints":{"allow":["GET"]}}],"collection":[{"href":"https:\/\/zonaroja.com.mx\/index.php?rest_route=\/wp\/v2\/posts"}],"about":[{"href":"https:\/\/zonaroja.com.mx\/index.php?rest_route=\/wp\/v2\/types\/post"}],"author":[{"embeddable":true,"href":"https:\/\/zonaroja.com.mx\/index.php?rest_route=\/wp\/v2\/users\/2"}],"replies":[{"embeddable":true,"href":"https:\/\/zonaroja.com.mx\/index.php?rest_route=%2Fwp%2Fv2%2Fcomments&post=47891"}],"version-history":[{"count":1,"href":"https:\/\/zonaroja.com.mx\/index.php?rest_route=\/wp\/v2\/posts\/47891\/revisions"}],"predecessor-version":[{"id":47893,"href":"https:\/\/zonaroja.com.mx\/index.php?rest_route=\/wp\/v2\/posts\/47891\/revisions\/47893"}],"wp:featuredmedia":[{"embeddable":true,"href":"https:\/\/zonaroja.com.mx\/index.php?rest_route=\/wp\/v2\/media\/47892"}],"wp:attachment":[{"href":"https:\/\/zonaroja.com.mx\/index.php?rest_route=%2Fwp%2Fv2%2Fmedia&parent=47891"}],"wp:term":[{"taxonomy":"category","embeddable":true,"href":"https:\/\/zonaroja.com.mx\/index.php?rest_route=%2Fwp%2Fv2%2Fcategories&post=47891"},{"taxonomy":"post_tag","embeddable":true,"href":"https:\/\/zonaroja.com.mx\/index.php?rest_route=%2Fwp%2Fv2%2Ftags&post=47891"}],"curies":[{"name":"wp","href":"https:\/\/api.w.org\/{rel}","templated":true}]}}