{"id":47894,"date":"2022-11-11T08:30:00","date_gmt":"2022-11-11T14:30:00","guid":{"rendered":"http:\/\/www.zonaroja.com.mx\/?p=47894"},"modified":"2022-11-11T08:05:22","modified_gmt":"2022-11-11T14:05:22","slug":"parlamentarios-de-gran-bretana-piden-que-crimen-de-claudia-uruchurtu-no-quede-impune","status":"publish","type":"post","link":"https:\/\/zonaroja.com.mx\/?p=47894","title":{"rendered":"Parlamentarios de Gran Breta\u00f1a piden que crimen de Claudia Uruchurtu no quede impune"},"content":{"rendered":"\n<p>Ismael Garc\u00eda M.\/Zona Roja.<\/p>\n\n\n\n<p>Oaxaca de Ju\u00e1rez, Oax., a 11 de noviembre de 2022.- Una delegaci\u00f3n de parlamentarios de la Gran Breta\u00f1a visit\u00f3 ayer Oaxaca y se reuni\u00f3 con legisladores locales, a quienes expres\u00f3 su preocupaci\u00f3n sobre la probable impunidad en el caso de Claudia Uruchurtu, ciudadana mexicana y brit\u00e1nica.<\/p>\n\n\n\n<p>Se trata de la Uni\u00f3n del Grupo Interparlamentario Brit\u00e1nico, integrada por las baronesas Jean Coussins y Jane Bonham-Carter de Yarnbury, as\u00ed como los miembros del parlamento, Alicia Kearns, Lisa Cameron, Wayne David, Dan Corden, Matt Vickers y Holly Sloan.<\/p>\n\n\n\n<p>\u201cRealmente, lamento decirlo de esta forma, pero a lo que m\u00e1s le tememos es a un arregl\u00edn o una maniobra pol\u00edtica producto lo cual existe el riesgo de que no se haga justicia y lo \u00fanico que queremos es que los que se involucraron y mataron a Claudia Uruchurtu tengan la justicia\u201d, dijo uno de ellos.<\/p>\n\n\n\n<p>El encuentro se realiz\u00f3 ayer jueves en la sede del Congreso del Estado, en San Raymundo Jalpan y estuvieron presentes, entre otros, la presidenta de la Mesa Directiva, Mariana Ben\u00edtez Tiburcio, y el presidente de la Junta de Coordinaci\u00f3n Pol\u00edtica, Luis Alfonso Silva Romo.<\/p>\n\n\n\n<p>En un comunicado, el Legislativo dio a conocer que \u201cse abordaron temas sobre el trabajo legislativo de ambos pa\u00edses en materia de violencia de g\u00e9nero, juventud, derechos humanos, cambio clim\u00e1tico y gobernabilidad.<\/p>\n\n\n\n<p>\u201cLas y los legisladores locales externaron su inter\u00e9s por trabajar de manera conjunta con el Reino Unido para atender problemas sociales y crear un v\u00ednculo para generar el desarrollo mutuo\u201d.<\/p>\n\n\n\n<p>\u201cPor su parte, la Uni\u00f3n del Grupo Interparlamentario Brit\u00e1nico manifest\u00f3 su inter\u00e9s por la aplicaci\u00f3n de justicia en el caso del asesinato de Claudia Uruchurtu Cruz, activista de nacionalidad brit\u00e1nica y mexicana.&nbsp;<\/p>\n\n\n\n<p>Claudia fue despareci\u00f3 la noche del 29 de marzo de 2021 en Asunci\u00f3n Nochixtl\u00e1n y a la fecha no ha sido localizado su cuerpo.<\/p>\n\n\n\n<p>El 7 de mayo fue detenida la entonces presidenta municipal, Lizbeth V. H., as\u00ed como cuatro colaboradores m\u00e1s del ayuntamiento y el proceso judicial contin\u00faa a la fecha.<\/p>\n\n\n\n<p>Familiares de la mujer y organismos civiles han denunciado que una vez que inicie el gobierno de Salom\u00f3n Jara Cruz, presionar\u00eda a las autoridades de procuraci\u00f3n y administraci\u00f3n de justicia para que sea liberada la ex alcaldesa.<\/p>\n\n\n\n<figure class=\"wp-block-embed is-type-rich is-provider-twitter wp-block-embed-twitter\"><div class=\"wp-block-embed__wrapper\">\n<div class=\"twitter-tweet\"><blockquote class=\"twitter-tweet\" data-lang=\"es\"><p lang=\"es\" dir=\"ltr\">La Uni\u00f3n del Grupo Interparlamentario Brit\u00e1nico visit\u00f3 hoy el <a href=\"https:\/\/twitter.com\/CongresoOaxaca_?ref_src=twsrc%5Etfw\">@CongresoOaxaca_<\/a>.<br>Manifest\u00f3 su inter\u00e9s por la aplicaci\u00f3n de justicia en caso de Claudia Uruchurtu, de nacionalidad brit\u00e1nica y mexicana. <br>Lament\u00f3 que por cuestiones pol\u00edticas puedan ser liberados los inculpados. <a href=\"https:\/\/t.co\/YsKDPDZvSA\">pic.twitter.com\/YsKDPDZvSA<\/a><\/p>&mdash; Zona Roja Oaxaca (@ZonaRoja_Oaxaca) <a href=\"https:\/\/twitter.com\/ZonaRoja_Oaxaca\/status\/1590901968062799873?ref_src=twsrc%5Etfw\">11 de noviembre de 2022<\/a><\/blockquote><\/div>\n<\/div><\/figure>\n","protected":false},"excerpt":{"rendered":"<p>Ismael Garc\u00eda M.\/Zona Roja. Oaxaca de Ju\u00e1rez, Oax., a 11 de noviembre de 2022.- Una&hellip;<\/p>\n","protected":false},"author":2,"featured_media":47895,"comment_status":"closed","ping_status":"open","sticky":false,"template":"","format":"standard","meta":{"_lmt_disableupdate":"","_lmt_disable":"","_jetpack_memberships_contains_paid_content":false,"footnotes":""},"categories":[109,47],"tags":[2582],"class_list":["post-47894","post","type-post","status-publish","format-standard","has-post-thumbnail","hentry","category-minuto-a-minuto","category-zona-gris","tag-claudia-uruchurtu-cruz"],"jetpack_featured_media_url":"https:\/\/zonaroja.com.mx\/wp-content\/uploads\/2022\/11\/Reunion-Congreso-local-y-parlamento-Gran-Bretana.jpg","jetpack_sharing_enabled":true,"_links":{"self":[{"href":"https:\/\/zonaroja.com.mx\/index.php?rest_route=\/wp\/v2\/posts\/47894","targetHints":{"allow":["GET"]}}],"collection":[{"href":"https:\/\/zonaroja.com.mx\/index.php?rest_route=\/wp\/v2\/posts"}],"about":[{"href":"https:\/\/zonaroja.com.mx\/index.php?rest_route=\/wp\/v2\/types\/post"}],"author":[{"embeddable":true,"href":"https:\/\/zonaroja.com.mx\/index.php?rest_route=\/wp\/v2\/users\/2"}],"replies":[{"embeddable":true,"href":"https:\/\/zonaroja.com.mx\/index.php?rest_route=%2Fwp%2Fv2%2Fcomments&post=47894"}],"version-history":[{"count":1,"href":"https:\/\/zonaroja.com.mx\/index.php?rest_route=\/wp\/v2\/posts\/47894\/revisions"}],"predecessor-version":[{"id":47896,"href":"https:\/\/zonaroja.com.mx\/index.php?rest_route=\/wp\/v2\/posts\/47894\/revisions\/47896"}],"wp:featuredmedia":[{"embeddable":true,"href":"https:\/\/zonaroja.com.mx\/index.php?rest_route=\/wp\/v2\/media\/47895"}],"wp:attachment":[{"href":"https:\/\/zonaroja.com.mx\/index.php?rest_route=%2Fwp%2Fv2%2Fmedia&parent=47894"}],"wp:term":[{"taxonomy":"category","embeddable":true,"href":"https:\/\/zonaroja.com.mx\/index.php?rest_route=%2Fwp%2Fv2%2Fcategories&post=47894"},{"taxonomy":"post_tag","embeddable":true,"href":"https:\/\/zonaroja.com.mx\/index.php?rest_route=%2Fwp%2Fv2%2Ftags&post=47894"}],"curies":[{"name":"wp","href":"https:\/\/api.w.org\/{rel}","templated":true}]}}