{"id":47897,"date":"2022-11-11T10:06:00","date_gmt":"2022-11-11T16:06:00","guid":{"rendered":"http:\/\/www.zonaroja.com.mx\/?p=47897"},"modified":"2022-11-11T08:16:56","modified_gmt":"2022-11-11T14:16:56","slug":"obtiene-fiscalia-de-oaxaca-otras-dos-condenas-contra-violentadores-de-mujeres","status":"publish","type":"post","link":"https:\/\/zonaroja.com.mx\/?p=47897","title":{"rendered":"Obtiene Fiscal\u00eda de Oaxaca otras dos condenas contra violentadores de mujeres"},"content":{"rendered":"\n<p>Redacci\u00f3n\/Zona Roja.<\/p>\n\n\n\n<p>Oaxaca de Ju\u00e1rez, Oax., 11 de noviembre de 2022.- La Fiscal\u00eda General del Estado de Oaxaca (FGEO) obtuvo sentencia condenatoria de 25 a\u00f1os de prisi\u00f3n contra la persona del sexo masculino identificada como E. M. P., responsable del delito de violaci\u00f3n equiparada agravada en contra de una ni\u00f1a, cometido en julio de 2021, en jurisdicci\u00f3n de Santa Mar\u00eda Colotepec, en la regi\u00f3n de la Costa.<\/p>\n\n\n\n<p>De acuerdo 393\/2021, el 23 de julio de 2021, el sentenciado agredi\u00f3 de manera sexual a la v\u00edctima dentro de un terreno ubicado en un camino de terracer\u00eda con direcci\u00f3n a la localidad de El Camar\u00f3n, perteneciente al referido municipio.&nbsp;<\/p>\n\n\n\n<p>Ante la denuncia presentada por familiares de la v\u00edctima, la Vicefiscal\u00eda Regional de la Costa intervino e inici\u00f3 los actos de investigaci\u00f3n que permitieron la aprehensi\u00f3n del agresor sexual, quien por orden del Juez de Control qued\u00f3 vinculado a proceso.<\/p>\n\n\n\n<p>En audiencia, el Tribunal de Enjuiciamiento dict\u00f3 sentencia condenatoria contra E. M. P., imponiendo la pena de 25 a\u00f1os y seis meses de prisi\u00f3n y orden\u00f3 el pago de una multa por m\u00e1s 215 mil pesos y el pago de la reparaci\u00f3n del da\u00f1o en abstracto.<\/p>\n\n\n\n<p>CONTRA ADOLESCENTE&nbsp;<\/p>\n\n\n\n<p>En otro caso, la Fiscal\u00eda General del Estado obtuvo, del Tribunal de Enjuiciamiento, sentencia condenatoria de 18 a\u00f1os de prisi\u00f3n contra la persona del sexo masculino identificada como M. C. L., responsable del delito de violaci\u00f3n agravada en contra de una adolescente, cometido en jurisdicci\u00f3n de San Antonio de la Cal, en la regi\u00f3n de Valles Centrales.<\/p>\n\n\n\n<p>De acuerdo con la carpeta de investigaci\u00f3n 198\/FEADM\/2018, el 5 de septiembre de 2017, el sentenciado agredi\u00f3 de manera sexual a la v\u00edctima, en un domicilio ubicado en la referida demarcaci\u00f3n.<\/p>\n\n\n\n<p>Ante este hecho y tras la denuncia presentada por familiares de la v\u00edctima, la Fiscal\u00eda Especializada en Atenci\u00f3n a Delitos contra la Mujer por Raz\u00f3n de G\u00e9nero intervino e inici\u00f3 los actos de investigaci\u00f3n correspondientes que permitieron que el agresor sexual fuera aprehendido y posteriormente, en noviembre de 2020, fuera vinculado a proceso por el Juez en turno.<\/p>\n\n\n\n<p>Respecto a su situaci\u00f3n jur\u00eddica, en audiencia, el Tribunal de Enjuiciamiento dict\u00f3 sentencia condenatoria contra M. C. L., imponiendo la pena de 18 a\u00f1os de prisi\u00f3n y orden\u00f3 el pago de una multa y la reparaci\u00f3n del da\u00f1o en abstracto.<\/p>\n\n\n\n<p>La defensa de mujeres, ni\u00f1as, ni\u00f1os y adolescentes resulta prioritaria para la Fiscal\u00eda de Oaxaca, que garantiza investigaciones a fondo para aplicarle todo el rigor de la Ley a quienes atenten en su contra.<\/p>\n","protected":false},"excerpt":{"rendered":"<p>Redacci\u00f3n\/Zona Roja. Oaxaca de Ju\u00e1rez, Oax., 11 de noviembre de 2022.- La Fiscal\u00eda General del&hellip;<\/p>\n","protected":false},"author":2,"featured_media":12078,"comment_status":"closed","ping_status":"open","sticky":false,"template":"","format":"standard","meta":{"_lmt_disableupdate":"","_lmt_disable":"","_jetpack_memberships_contains_paid_content":false,"footnotes":""},"categories":[109,46],"tags":[494],"class_list":["post-47897","post","type-post","status-publish","format-standard","has-post-thumbnail","hentry","category-minuto-a-minuto","category-zona-blanca","tag-fiscalia-general-del-estado-de-oaxaca"],"jetpack_featured_media_url":"https:\/\/zonaroja.com.mx\/wp-content\/uploads\/2020\/05\/Violencia-mujeres-3.jpg","jetpack_sharing_enabled":true,"_links":{"self":[{"href":"https:\/\/zonaroja.com.mx\/index.php?rest_route=\/wp\/v2\/posts\/47897","targetHints":{"allow":["GET"]}}],"collection":[{"href":"https:\/\/zonaroja.com.mx\/index.php?rest_route=\/wp\/v2\/posts"}],"about":[{"href":"https:\/\/zonaroja.com.mx\/index.php?rest_route=\/wp\/v2\/types\/post"}],"author":[{"embeddable":true,"href":"https:\/\/zonaroja.com.mx\/index.php?rest_route=\/wp\/v2\/users\/2"}],"replies":[{"embeddable":true,"href":"https:\/\/zonaroja.com.mx\/index.php?rest_route=%2Fwp%2Fv2%2Fcomments&post=47897"}],"version-history":[{"count":1,"href":"https:\/\/zonaroja.com.mx\/index.php?rest_route=\/wp\/v2\/posts\/47897\/revisions"}],"predecessor-version":[{"id":47898,"href":"https:\/\/zonaroja.com.mx\/index.php?rest_route=\/wp\/v2\/posts\/47897\/revisions\/47898"}],"wp:featuredmedia":[{"embeddable":true,"href":"https:\/\/zonaroja.com.mx\/index.php?rest_route=\/wp\/v2\/media\/12078"}],"wp:attachment":[{"href":"https:\/\/zonaroja.com.mx\/index.php?rest_route=%2Fwp%2Fv2%2Fmedia&parent=47897"}],"wp:term":[{"taxonomy":"category","embeddable":true,"href":"https:\/\/zonaroja.com.mx\/index.php?rest_route=%2Fwp%2Fv2%2Fcategories&post=47897"},{"taxonomy":"post_tag","embeddable":true,"href":"https:\/\/zonaroja.com.mx\/index.php?rest_route=%2Fwp%2Fv2%2Ftags&post=47897"}],"curies":[{"name":"wp","href":"https:\/\/api.w.org\/{rel}","templated":true}]}}