{"id":47899,"date":"2022-11-11T08:28:23","date_gmt":"2022-11-11T14:28:23","guid":{"rendered":"http:\/\/www.zonaroja.com.mx\/?p=47899"},"modified":"2022-11-11T08:28:25","modified_gmt":"2022-11-11T14:28:25","slug":"va-por-tercer-dia-bloqueo-carretero-en-el-istmo-y-nadie-atiende","status":"publish","type":"post","link":"https:\/\/zonaroja.com.mx\/?p=47899","title":{"rendered":"Va por tercer d\u00eda bloqueo carretero en el Istmo y nadie atiende"},"content":{"rendered":"\n<p>Redacci\u00f3n\/Zona Roja.<\/p>\n\n\n\n<p>Oaxaca de Ju\u00e1rez, Oax., a 11 de noviembre de 2022.- Por tercer d\u00eda, damnificados por los sismos del a\u00f1o 2017 mantienen un bloqueo en la carretera Oaxaca-Istmo, en el entronque de vialidades de acceso a Santo Domingo Tehuantepec.<\/p>\n\n\n\n<p>\u201cLa lucha contin\u00faa y se est\u00e1 reforzando d\u00eda a d\u00eda, porque consideramos justa nuestra demanda ante el gobierno de Alejandro Murat que desde el 2017 no ha querido liberarnos el recurso del segundo censo, ya que durante m\u00e1s de cinco a\u00f1os nos ha tra\u00eddo a las vueltas, sin una respuesta seria, a pesar de nuestra disposici\u00f3n de recibir lo que nos ofrecieron sus funcionarios: el secretario General de Gobierno, Francisco Garc\u00eda L\u00f3pez, y el titular de Cevi, Elpidio Concha, quienes nos han hecho firmar una serie de minutas que nunca han respetado\u201d, se\u00f1alaron en un comunicado.<\/p>\n\n\n\n<p>Indicaron que la protesta se mantendr\u00e1 de manera indefinida y pidieron la intervenci\u00f3n del Presidente Andr\u00e9s Manuel L\u00f3pez Obrador, para que por su conducto se haga el llamado al mandatario Alejandro Murat y Francisco Garc\u00eda L\u00f3pez a que cumplan con lo pactado: retribuir a los damnificados el apoyo que les corresponde.<\/p>\n\n\n\n<p>\u201cDe igual manera le hacemos un llamado a nuestro paisano Francisco Garc\u00eda L\u00f3pez, a que como juchiteco y paisanos, nos ayude a recuperar el dinero que nos corresponde para reconstruir nuestras modestas viviendas.<\/p>\n\n\n\n<p>\u201cSi \u00e9l lo hace, este pueblo le quedar\u00e1 agradecido por su apoyo, pero si le da la espalda, de sus paisanos solamente recibir\u00e1 el repudio y el se\u00f1alamiento, por ser un mal funcionario\u201d, detallaron.<\/p>\n\n\n\n<p>\u201cQueremos informar que hasta el momento nadie nos ha hecho caso, ning\u00fan funcionario del Gobierno del Estado ha dado muestras de ayudarnos a resolver el tema, aqu\u00ed estaremos en pie de lucha, porque la lucha contin\u00faa\u201d, remarcaron.<\/p>\n","protected":false},"excerpt":{"rendered":"<p>Redacci\u00f3n\/Zona Roja. Oaxaca de Ju\u00e1rez, Oax., a 11 de noviembre de 2022.- Por tercer d\u00eda,&hellip;<\/p>\n","protected":false},"author":2,"featured_media":47900,"comment_status":"closed","ping_status":"open","sticky":false,"template":"","format":"standard","meta":{"_lmt_disableupdate":"","_lmt_disable":"","_jetpack_memberships_contains_paid_content":false,"footnotes":""},"categories":[109,47],"tags":[2264],"class_list":["post-47899","post","type-post","status-publish","format-standard","has-post-thumbnail","hentry","category-minuto-a-minuto","category-zona-gris","tag-bloqueos-y-protestas-oaxaca"],"jetpack_featured_media_url":"https:\/\/zonaroja.com.mx\/wp-content\/uploads\/2022\/11\/Damnificados-sismo-planton-carretera.jpeg","jetpack_sharing_enabled":true,"_links":{"self":[{"href":"https:\/\/zonaroja.com.mx\/index.php?rest_route=\/wp\/v2\/posts\/47899","targetHints":{"allow":["GET"]}}],"collection":[{"href":"https:\/\/zonaroja.com.mx\/index.php?rest_route=\/wp\/v2\/posts"}],"about":[{"href":"https:\/\/zonaroja.com.mx\/index.php?rest_route=\/wp\/v2\/types\/post"}],"author":[{"embeddable":true,"href":"https:\/\/zonaroja.com.mx\/index.php?rest_route=\/wp\/v2\/users\/2"}],"replies":[{"embeddable":true,"href":"https:\/\/zonaroja.com.mx\/index.php?rest_route=%2Fwp%2Fv2%2Fcomments&post=47899"}],"version-history":[{"count":1,"href":"https:\/\/zonaroja.com.mx\/index.php?rest_route=\/wp\/v2\/posts\/47899\/revisions"}],"predecessor-version":[{"id":47901,"href":"https:\/\/zonaroja.com.mx\/index.php?rest_route=\/wp\/v2\/posts\/47899\/revisions\/47901"}],"wp:featuredmedia":[{"embeddable":true,"href":"https:\/\/zonaroja.com.mx\/index.php?rest_route=\/wp\/v2\/media\/47900"}],"wp:attachment":[{"href":"https:\/\/zonaroja.com.mx\/index.php?rest_route=%2Fwp%2Fv2%2Fmedia&parent=47899"}],"wp:term":[{"taxonomy":"category","embeddable":true,"href":"https:\/\/zonaroja.com.mx\/index.php?rest_route=%2Fwp%2Fv2%2Fcategories&post=47899"},{"taxonomy":"post_tag","embeddable":true,"href":"https:\/\/zonaroja.com.mx\/index.php?rest_route=%2Fwp%2Fv2%2Ftags&post=47899"}],"curies":[{"name":"wp","href":"https:\/\/api.w.org\/{rel}","templated":true}]}}