{"id":47905,"date":"2022-11-11T14:38:55","date_gmt":"2022-11-11T20:38:55","guid":{"rendered":"http:\/\/www.zonaroja.com.mx\/?p=47905"},"modified":"2022-11-11T15:23:46","modified_gmt":"2022-11-11T21:23:46","slug":"el-pri-municipal-de-oaxaca-califica-de-desafortunada-la-postura-de-morena-en-caso-de-basura","status":"publish","type":"post","link":"https:\/\/zonaroja.com.mx\/?p=47905","title":{"rendered":"El PRI municipal de Oaxaca califica de desafortunada la postura de Morena en caso de basura"},"content":{"rendered":"\n<p>Redacci\u00f3n\/Zona Roja.<\/p>\n\n\n\n<p>Oaxaca de Ju\u00e1rez, Oax.. a 11 de noviembre de 2011.- El presidente del Comit\u00e9 Municipal del Partido Revolucionario Institucional en Oaxaca de Ju\u00e1rez, Jes\u00fas Guillermo D\u00edaz Navarro, rechaz\u00f3 que el PRI pretenda politizar la crisis de la basura, pues ha sido el \u00fanico instituto pol\u00edtico que p\u00fablicamente present\u00f3 propuestas de soluci\u00f3n con base en la experiencia para resolver en definitiva este problema que afecta a toda la ciudadan\u00eda.<\/p>\n\n\n\n<p>Tan es as\u00ed que los regidores priistas han estado sumados y proponiendo en las diferentes reuniones llevadas a cabo en el seno del cabildo.Llam\u00f3 al dirigente estatal del Morena a revisar sus dichos, respecto a que la problem\u00e1tica fue heredada de gobiernos pasados, toda vez que la administraci\u00f3n municipal que antecedi\u00f3 a la que encabeza Francisco Mart\u00ednez Neri tambi\u00e9n fue de filiaci\u00f3n morenista (Osvaldo Garc\u00eda Jarqu\u00edn).&nbsp;<\/p>\n\n\n\n<p>Si en cuatro a\u00f1os no previeron una soluci\u00f3n a la problem\u00e1tica de la recolecci\u00f3n de la basura es por la improvisaci\u00f3n.&nbsp;\u201cMorena debe entender que el problema de la basura es una responsabilidad municipal, y debe asumir el costo social sino construye una salida r\u00e1pida a este tema en lugar de culpar a los dem\u00e1s.<\/p>\n\n\n\n<p>\u201cHar\u00e9 llegar a Benjam\u00edn Viveros, una copia de la conferencia de prensa donde se ofrecieron alternativas de soluci\u00f3n a la crisis de la basura no de descalificaci\u00f3n, quiz\u00e1s no las escuch\u00f3, le medio informaron y s\u00f3lo le pasaron a firma el desplegado\u201d, declar\u00f3 el dirigente municipal pri\u00edsta al tiempo de anticipar que invitar\u00e1 al morenista a conocer la ciudad y su problem\u00e1tica&nbsp;<\/p>\n\n\n\n<p>Reiter\u00f3 que el PRI asume y mantiene una conducta responsable ante este grave problema de salud p\u00fablica derivado del cierre del tiradero porque afecta a todos por igual sin importar la filiaci\u00f3n partidista.&nbsp;<\/p>\n\n\n\n<p>\u201cNos gustar\u00eda saber a los capitalinos que tenemos acumulada la basura en los domicilios, cu\u00e1l es la estrategia que implementar\u00e1n para resolver el problema, porque nos preocupa que un d\u00eda anuncien que ya tienen el terreno y al otro que siempre no.&nbsp;\u201cComo sociedad nos merecemos una explicaci\u00f3n no s\u00f3lo andar repartiendo culpas, pidieron el voto porque dijeron que sab\u00edan c\u00f3mo resolver los problemas torales de la ciudad, es hora de demostrarlo\u201d, finaliz\u00f3.<\/p>\n","protected":false},"excerpt":{"rendered":"<p>Redacci\u00f3n\/Zona Roja. Oaxaca de Ju\u00e1rez, Oax.. a 11 de noviembre de 2011.- El presidente del&hellip;<\/p>\n","protected":false},"author":2,"featured_media":47909,"comment_status":"closed","ping_status":"open","sticky":false,"template":"","format":"standard","meta":{"_lmt_disableupdate":"","_lmt_disable":"","_jetpack_memberships_contains_paid_content":false,"footnotes":""},"categories":[109,46],"tags":[1246],"class_list":["post-47905","post","type-post","status-publish","format-standard","has-post-thumbnail","hentry","category-minuto-a-minuto","category-zona-blanca","tag-partido-revolucionario-institucional-pri"],"jetpack_featured_media_url":"https:\/\/zonaroja.com.mx\/wp-content\/uploads\/2022\/11\/Jesus-Guillermo-Diaz-Navarro.jpeg","jetpack_sharing_enabled":true,"_links":{"self":[{"href":"https:\/\/zonaroja.com.mx\/index.php?rest_route=\/wp\/v2\/posts\/47905","targetHints":{"allow":["GET"]}}],"collection":[{"href":"https:\/\/zonaroja.com.mx\/index.php?rest_route=\/wp\/v2\/posts"}],"about":[{"href":"https:\/\/zonaroja.com.mx\/index.php?rest_route=\/wp\/v2\/types\/post"}],"author":[{"embeddable":true,"href":"https:\/\/zonaroja.com.mx\/index.php?rest_route=\/wp\/v2\/users\/2"}],"replies":[{"embeddable":true,"href":"https:\/\/zonaroja.com.mx\/index.php?rest_route=%2Fwp%2Fv2%2Fcomments&post=47905"}],"version-history":[{"count":2,"href":"https:\/\/zonaroja.com.mx\/index.php?rest_route=\/wp\/v2\/posts\/47905\/revisions"}],"predecessor-version":[{"id":47907,"href":"https:\/\/zonaroja.com.mx\/index.php?rest_route=\/wp\/v2\/posts\/47905\/revisions\/47907"}],"wp:featuredmedia":[{"embeddable":true,"href":"https:\/\/zonaroja.com.mx\/index.php?rest_route=\/wp\/v2\/media\/47909"}],"wp:attachment":[{"href":"https:\/\/zonaroja.com.mx\/index.php?rest_route=%2Fwp%2Fv2%2Fmedia&parent=47905"}],"wp:term":[{"taxonomy":"category","embeddable":true,"href":"https:\/\/zonaroja.com.mx\/index.php?rest_route=%2Fwp%2Fv2%2Fcategories&post=47905"},{"taxonomy":"post_tag","embeddable":true,"href":"https:\/\/zonaroja.com.mx\/index.php?rest_route=%2Fwp%2Fv2%2Ftags&post=47905"}],"curies":[{"name":"wp","href":"https:\/\/api.w.org\/{rel}","templated":true}]}}