{"id":47912,"date":"2022-11-11T15:38:14","date_gmt":"2022-11-11T21:38:14","guid":{"rendered":"http:\/\/www.zonaroja.com.mx\/?p=47912"},"modified":"2022-11-11T15:38:15","modified_gmt":"2022-11-11T21:38:15","slug":"se-rebela-steuabjo-a-rector-y-anuncia-movilizacion-masiva-contra-regimen-de-pensiones","status":"publish","type":"post","link":"https:\/\/zonaroja.com.mx\/?p=47912","title":{"rendered":"Se rebela STEUABJO a rector y anuncia movilizaci\u00f3n masiva contra r\u00e9gimen de pensiones"},"content":{"rendered":"\n<p>Yuridiana Sosa\/Zona Roja.<\/p>\n\n\n\n<p>Oaxaca de Ju\u00e1rez, Oax., 11 de noviembre de 2022.- La base trabajadora del Sindicato de Trabajadores y Empleados de la Universidad Aut\u00f3noma \u201cBenito Ju\u00e1rez\u201d de Oaxaca (STEUABJO)se pronunci\u00f3 contra la intenci\u00f3n del rector Cristian Eder Carre\u00f1o L\u00f3pez de firmar la aplicaci\u00f3n R\u00e9gimen de Jubilaciones y Pensiones.<\/p>\n\n\n\n<p>Los trabajadores convocaron a los sindicatos universitarios a unirse en la inconformidad de la implementaci\u00f3n de dicho r\u00e9gimen, que aseguran, es a modo y en beneficio exclusivo del rector de la UABJO; la directora General De Educaci\u00f3n Superior Universitaria, Carmen Enedina Rodr\u00edguez Armenta, y del subsecretario de Educaci\u00f3n Superior, Luciano Concheiro.<\/p>\n\n\n\n<p>A trav\u00e9s de un comunicado de la base sindical, los afectados se\u00f1alaron que no permitir\u00e1n que la Rector\u00eda, en complicidad con el comit\u00e9 electo y actores pol\u00edticos de la UABJO, firmen el r\u00e9gimen de jubilaciones y pensiones, que es la mutilaci\u00f3n de las prestaciones establecidas en su contrato colectivo de trabajo, resultado de 50 a\u00f1os de lucha sindical.<br>\u201cEntendemos que la Universidad se encuentra ahorcada financieramente, pero esa situaci\u00f3n no es culpa de los trabajadores sino de ex rectores que han llegado a saquear la universidad\u201d, apuntaron.<\/p>\n\n\n\n<p>As\u00ed tambi\u00e9n responsabilizan a todos los secretarios generales y comit\u00e9s de los sindicatos que asistieron, sin consenso de las bases, a una reuni\u00f3n en la Ciudad de M\u00e9xico para pactar con el proyecto, por lo que reiteraron que se cumplirse la firma para el R\u00e9gimen iniciar\u00e1n en la lucha de revertir rever el pacto.<br>Destacaron que antes de aplicar ese r\u00e9gimen, la Rector\u00eda universitaria debe analizar que los trabajadores acad\u00e9micos y administrativos deben contar con mejores condiciones de vida y de salarios.<\/p>\n","protected":false},"excerpt":{"rendered":"<p>Yuridiana Sosa\/Zona Roja. Oaxaca de Ju\u00e1rez, Oax., 11 de noviembre de 2022.- La base trabajadora&hellip;<\/p>\n","protected":false},"author":2,"featured_media":47913,"comment_status":"closed","ping_status":"open","sticky":false,"template":"","format":"standard","meta":{"_lmt_disableupdate":"","_lmt_disable":"","_jetpack_memberships_contains_paid_content":false,"footnotes":""},"categories":[109,47],"tags":[1286],"class_list":["post-47912","post","type-post","status-publish","format-standard","has-post-thumbnail","hentry","category-minuto-a-minuto","category-zona-gris","tag-sindicato-de-trabajadores-y-empleados-de-la-uabjo-steuabjo"],"jetpack_featured_media_url":"https:\/\/zonaroja.com.mx\/wp-content\/uploads\/2022\/11\/STEUABJO-1.jpeg","jetpack_sharing_enabled":true,"_links":{"self":[{"href":"https:\/\/zonaroja.com.mx\/index.php?rest_route=\/wp\/v2\/posts\/47912","targetHints":{"allow":["GET"]}}],"collection":[{"href":"https:\/\/zonaroja.com.mx\/index.php?rest_route=\/wp\/v2\/posts"}],"about":[{"href":"https:\/\/zonaroja.com.mx\/index.php?rest_route=\/wp\/v2\/types\/post"}],"author":[{"embeddable":true,"href":"https:\/\/zonaroja.com.mx\/index.php?rest_route=\/wp\/v2\/users\/2"}],"replies":[{"embeddable":true,"href":"https:\/\/zonaroja.com.mx\/index.php?rest_route=%2Fwp%2Fv2%2Fcomments&post=47912"}],"version-history":[{"count":1,"href":"https:\/\/zonaroja.com.mx\/index.php?rest_route=\/wp\/v2\/posts\/47912\/revisions"}],"predecessor-version":[{"id":47914,"href":"https:\/\/zonaroja.com.mx\/index.php?rest_route=\/wp\/v2\/posts\/47912\/revisions\/47914"}],"wp:featuredmedia":[{"embeddable":true,"href":"https:\/\/zonaroja.com.mx\/index.php?rest_route=\/wp\/v2\/media\/47913"}],"wp:attachment":[{"href":"https:\/\/zonaroja.com.mx\/index.php?rest_route=%2Fwp%2Fv2%2Fmedia&parent=47912"}],"wp:term":[{"taxonomy":"category","embeddable":true,"href":"https:\/\/zonaroja.com.mx\/index.php?rest_route=%2Fwp%2Fv2%2Fcategories&post=47912"},{"taxonomy":"post_tag","embeddable":true,"href":"https:\/\/zonaroja.com.mx\/index.php?rest_route=%2Fwp%2Fv2%2Ftags&post=47912"}],"curies":[{"name":"wp","href":"https:\/\/api.w.org\/{rel}","templated":true}]}}