{"id":47928,"date":"2022-11-12T09:44:00","date_gmt":"2022-11-12T15:44:00","guid":{"rendered":"http:\/\/www.zonaroja.com.mx\/?p=47928"},"modified":"2022-11-12T06:46:42","modified_gmt":"2022-11-12T12:46:42","slug":"en-oaxaca-28-personas-privadas-de-libertad-cursan-licenciatura-en-la-unam","status":"publish","type":"post","link":"https:\/\/zonaroja.com.mx\/?p=47928","title":{"rendered":"En Oaxaca, 28 personas privadas de libertad cursan licenciatura en la UNAM"},"content":{"rendered":"\n<p>Redacci\u00f3n\/Zona Roja.<\/p>\n\n\n\n<p>Oaxaca de Ju\u00e1rez, Oax., a 12 de noviembre de 2022.- En seguimiento al fortalecimiento del eje transversal para una efectiva reinserci\u00f3n social en los Centros Penitenciarios de la entidad, la Secretar\u00eda de Seguridad P\u00fablica de Oaxaca (SSPO) ha logrado que m\u00e1s de 28 Personas Privadas de Libertad (PPL), cursen sus estudios profesionales en la Universidad Nacional Aut\u00f3noma de M\u00e9xico (UNAM).<\/p>\n\n\n\n<p>As\u00ed lo inform\u00f3 la titular de la SSPO, Dalia Ba\u00f1os Noyola, quien destac\u00f3 que este es un logr\u00f3 que por primera vez en temas de reinserci\u00f3n, Oaxaca se coloca como una entidad que fortalece la educaci\u00f3n entre la poblaci\u00f3n penitenciaria.<\/p>\n\n\n\n<p>Ante ello, mencion\u00f3 que actualmente son 26 son hombres y dos mujeres quienes cursan sus estudios en esta universidad de prestigio y de historia en la Ciudad de M\u00e9xico.<\/p>\n\n\n\n<p>Asimismo, la funcionaria destac\u00f3 que hace una semana iniciaron su proceso de admisi\u00f3n otras PPL\u00b4s en la modalidad a distancia, a fin de que se incorporen y terminen sus estudios de nivel superior y as\u00ed lograr una efectiva reinserci\u00f3n social.<\/p>\n\n\n\n<p>Con estas acciones, la SSPO refrenda su compromiso de fortalecer mecanismos y acciones que contribuyan en el desarrollo f\u00edsico y profesional de las PPL\u00b4s y de sus familias.<\/p>\n\n\n\n<p>(Comunicado)<\/p>\n","protected":false},"excerpt":{"rendered":"<p>Redacci\u00f3n\/Zona Roja. Oaxaca de Ju\u00e1rez, Oax., a 12 de noviembre de 2022.- En seguimiento al&hellip;<\/p>\n","protected":false},"author":2,"featured_media":47929,"comment_status":"closed","ping_status":"open","sticky":false,"template":"","format":"standard","meta":{"_lmt_disableupdate":"","_lmt_disable":"","_jetpack_memberships_contains_paid_content":false,"footnotes":""},"categories":[109,46],"tags":[1421],"class_list":["post-47928","post","type-post","status-publish","format-standard","has-post-thumbnail","hentry","category-minuto-a-minuto","category-zona-blanca","tag-secretaria-de-seguridad-publica-de-oaxaca-sspo"],"jetpack_featured_media_url":"https:\/\/zonaroja.com.mx\/wp-content\/uploads\/2022\/11\/Privados-de-la-libertad-reclusorios-estudian-UNAM.jpg","jetpack_sharing_enabled":true,"_links":{"self":[{"href":"https:\/\/zonaroja.com.mx\/index.php?rest_route=\/wp\/v2\/posts\/47928","targetHints":{"allow":["GET"]}}],"collection":[{"href":"https:\/\/zonaroja.com.mx\/index.php?rest_route=\/wp\/v2\/posts"}],"about":[{"href":"https:\/\/zonaroja.com.mx\/index.php?rest_route=\/wp\/v2\/types\/post"}],"author":[{"embeddable":true,"href":"https:\/\/zonaroja.com.mx\/index.php?rest_route=\/wp\/v2\/users\/2"}],"replies":[{"embeddable":true,"href":"https:\/\/zonaroja.com.mx\/index.php?rest_route=%2Fwp%2Fv2%2Fcomments&post=47928"}],"version-history":[{"count":1,"href":"https:\/\/zonaroja.com.mx\/index.php?rest_route=\/wp\/v2\/posts\/47928\/revisions"}],"predecessor-version":[{"id":47930,"href":"https:\/\/zonaroja.com.mx\/index.php?rest_route=\/wp\/v2\/posts\/47928\/revisions\/47930"}],"wp:featuredmedia":[{"embeddable":true,"href":"https:\/\/zonaroja.com.mx\/index.php?rest_route=\/wp\/v2\/media\/47929"}],"wp:attachment":[{"href":"https:\/\/zonaroja.com.mx\/index.php?rest_route=%2Fwp%2Fv2%2Fmedia&parent=47928"}],"wp:term":[{"taxonomy":"category","embeddable":true,"href":"https:\/\/zonaroja.com.mx\/index.php?rest_route=%2Fwp%2Fv2%2Fcategories&post=47928"},{"taxonomy":"post_tag","embeddable":true,"href":"https:\/\/zonaroja.com.mx\/index.php?rest_route=%2Fwp%2Fv2%2Ftags&post=47928"}],"curies":[{"name":"wp","href":"https:\/\/api.w.org\/{rel}","templated":true}]}}