{"id":47935,"date":"2022-11-13T10:23:00","date_gmt":"2022-11-13T16:23:00","guid":{"rendered":"http:\/\/www.zonaroja.com.mx\/?p=47935"},"modified":"2022-11-13T06:23:15","modified_gmt":"2022-11-13T12:23:15","slug":"estados-unidos-cree-que-casos-de-covid-pueden-aumentar-y-amplia-emergencia","status":"publish","type":"post","link":"https:\/\/zonaroja.com.mx\/?p=47935","title":{"rendered":"Estados Unidos cree que casos de Covid pueden aumentar y ampl\u00eda emergencia"},"content":{"rendered":"\n<p>Redacci\u00f3n\/Zona Roja Cdmx.<\/p>\n\n\n\n<p>Ciudad de M\u00e9xico, a 13 de noviembre de 2022.- Estados Unidos extendi\u00f3 la emergencia de salud p\u00fablica por Covid hasta la primavera de 2023, inform\u00f3 un funcionario de la administraci\u00f3n de Joe Biden.<\/p>\n\n\n\n<p>Esta decisi\u00f3n de extender la emergencia se produce en un momento en que los funcionarios de salud p\u00fablica esperan otro aumento de Covid-19 este invierno.<\/p>\n\n\n\n<p>Por otro lado, el riesgo a nuevas variantes del Covid se mantiene presente en varias regiones del mundo y sigue siendo incierto a medida que m\u00e1s subvariantes se vuelven fuertes frente a las vacunas.<\/p>\n\n\n\n<p>La emergencia de salud p\u00fablica se declar\u00f3 inicialmente en enero de 2020, cuando comenz\u00f3 la pandemia de coronavirus, y desde entonces se ha renovado cada trimestre.&nbsp;Pero el gobierno en agosto comenz\u00f3 a se\u00f1alar que planeaba dejar que expirara en enero.<\/p>\n\n\n\n<p>El Departamento de Salud y Servicios Humanos de Estados Unidos&nbsp;prometi\u00f3 avisar a los estados con 60 d\u00edas de anticipaci\u00f3n antes de dejar que expire la emergencia, lo que habr\u00eda sido el viernes si no hubiera planeado renovarla nuevamente en enero.&nbsp;<\/p>\n\n\n\n<p>La agencia no proporcion\u00f3 dicho aviso, dijo el segundo funcionario.<\/p>\n\n\n\n<p>Los expertos en salud creen que es probable que haya un aumento en las infecciones por Covid-19 en los Estados Unidos este invierno, dijo un funcionario.<\/p>\n\n\n\n<p>(Informaci\u00f3n de \u201cExc\u00e9lsior\u201d)<\/p>\n","protected":false},"excerpt":{"rendered":"<p>Redacci\u00f3n\/Zona Roja Cdmx. Ciudad de M\u00e9xico, a 13 de noviembre de 2022.- Estados Unidos extendi\u00f3&hellip;<\/p>\n","protected":false},"author":2,"featured_media":36635,"comment_status":"closed","ping_status":"open","sticky":false,"template":"","format":"standard","meta":{"_lmt_disableupdate":"","_lmt_disable":"","_jetpack_memberships_contains_paid_content":false,"footnotes":""},"categories":[109,47],"tags":[1510],"class_list":["post-47935","post","type-post","status-publish","format-standard","has-post-thumbnail","hentry","category-minuto-a-minuto","category-zona-gris","tag-coronavirus-pandemia-global"],"jetpack_featured_media_url":"https:\/\/zonaroja.com.mx\/wp-content\/uploads\/2022\/01\/Pruebas-covid-coronavirus.jpg","jetpack_sharing_enabled":true,"_links":{"self":[{"href":"https:\/\/zonaroja.com.mx\/index.php?rest_route=\/wp\/v2\/posts\/47935","targetHints":{"allow":["GET"]}}],"collection":[{"href":"https:\/\/zonaroja.com.mx\/index.php?rest_route=\/wp\/v2\/posts"}],"about":[{"href":"https:\/\/zonaroja.com.mx\/index.php?rest_route=\/wp\/v2\/types\/post"}],"author":[{"embeddable":true,"href":"https:\/\/zonaroja.com.mx\/index.php?rest_route=\/wp\/v2\/users\/2"}],"replies":[{"embeddable":true,"href":"https:\/\/zonaroja.com.mx\/index.php?rest_route=%2Fwp%2Fv2%2Fcomments&post=47935"}],"version-history":[{"count":2,"href":"https:\/\/zonaroja.com.mx\/index.php?rest_route=\/wp\/v2\/posts\/47935\/revisions"}],"predecessor-version":[{"id":47963,"href":"https:\/\/zonaroja.com.mx\/index.php?rest_route=\/wp\/v2\/posts\/47935\/revisions\/47963"}],"wp:featuredmedia":[{"embeddable":true,"href":"https:\/\/zonaroja.com.mx\/index.php?rest_route=\/wp\/v2\/media\/36635"}],"wp:attachment":[{"href":"https:\/\/zonaroja.com.mx\/index.php?rest_route=%2Fwp%2Fv2%2Fmedia&parent=47935"}],"wp:term":[{"taxonomy":"category","embeddable":true,"href":"https:\/\/zonaroja.com.mx\/index.php?rest_route=%2Fwp%2Fv2%2Fcategories&post=47935"},{"taxonomy":"post_tag","embeddable":true,"href":"https:\/\/zonaroja.com.mx\/index.php?rest_route=%2Fwp%2Fv2%2Ftags&post=47935"}],"curies":[{"name":"wp","href":"https:\/\/api.w.org\/{rel}","templated":true}]}}