{"id":47937,"date":"2022-11-12T07:31:08","date_gmt":"2022-11-12T13:31:08","guid":{"rendered":"http:\/\/www.zonaroja.com.mx\/?p=47937"},"modified":"2022-11-12T07:31:09","modified_gmt":"2022-11-12T13:31:09","slug":"vinculan-a-proceso-a-vanessa-por-encubrir-crimen-de-ariadna","status":"publish","type":"post","link":"https:\/\/zonaroja.com.mx\/?p=47937","title":{"rendered":"Vinculan a proceso a Vanessa, por encubrir crimen de Ariadna"},"content":{"rendered":"\n<p>Redacci\u00f3n\/Zona Roja Cdmx.<\/p>\n\n\n\n<p>Ciudad de M\u00e9xico, a 12 de noviembre de 2022.- Este viernes, Vanessa \u00abN\u00bb fue vinculada a proceso, la imputada es&nbsp;una de las dos personas implicadas en la muerte de Ariadna Fernanda L. D.<\/p>\n\n\n\n<p>La joven fallecida fue reportada como desaparecida el pasado 30 de octubre y al d\u00eda siguiente, su cuerpo sin vida fue encontrado&nbsp;a un costado de la base de un puente sobre la carretera&nbsp;Cuautla-Tepoztl\u00e1n, a un kil\u00f3metro de la caseta de cobro de&nbsp;Tepoztl\u00e1n.<\/p>\n\n\n\n<p>Fue a las 09:50 de la ma\u00f1ana cuando ingres\u00f3&nbsp;la unidad de reclusorios que traslad\u00f3&nbsp;a Vanessa \u00abN\u00bb del penal de Santa Martha en la alcald\u00eda Iztapalapa, a los juzgados orales de la Ciudad de M\u00e9xico ubicados en la calle de doctor Lavista en la colonia Doctores.&nbsp;<\/p>\n\n\n\n<p>La continuaci\u00f3n de audiencia de orden de aprensi\u00f3n en contra de Vanessa \u00abN\u00bb inici\u00f3 varias horas despu\u00e9s, en ella&nbsp;se decidi\u00f3 su situaci\u00f3n jur\u00eddica.<\/p>\n\n\n\n<p>Con los datos de prueba aportados por la Fiscal\u00eda General de Justicia de la Ciudad de M\u00e9xico (FGJCDMX), un juez de control vincul\u00f3 a proceso a la acusada, por su probable participaci\u00f3n en el delito de feminicidio.&nbsp;<\/p>\n\n\n\n<p>Despu\u00e9s de que se solicit\u00f3 la duplicidad del t\u00e9rmino constitucional, en la audiencia de continuaci\u00f3n, el Ministerio P\u00fablico de la Coordinaci\u00f3n General de Investigaci\u00f3n de Delitos de G\u00e9nero y Atenci\u00f3n a V\u00edctimas ratific\u00f3 la imputaci\u00f3n formulada en la audiencia inicial, en la que el juez le impuso la prisi\u00f3n preventiva oficiosa por el delito de feminicidio.&nbsp;<\/p>\n\n\n\n<p>El juez, adem\u00e1s, fij\u00f3 cinco meses como plazo para el cierre de la investigaci\u00f3n complementaria.&nbsp;<\/p>\n\n\n\n<p>Vanessa \u00abN\u00bb de 20 a\u00f1os de edad fue detenida el pasado domingo 6 de noviembre, fueron las autoridades de la Ciudad de M\u00e9xico quienes confirmaron la aprehensi\u00f3n pues de acuerdo con las indagatorias, la ahora imputada estuvo en el departamento con Rautel \u00abN\u00bb y Ariadna Fernanda el d\u00eda en que la joven fue reportada desaparecida.<\/p>\n\n\n\n<p>La detenci\u00f3n ocurri\u00f3 en el municipio de Ecatepec, Estado de M\u00e9xico y&nbsp;se dio luego de que las autoridades determinaran que hubo contradicciones en las declaraciones tanto de Rautel \u00abN\u00bb, como de su pareja, quien fue identificada como coautora material, ya que se cuenta con informaci\u00f3n que establece que la detenida se encontraba presente en el momento en que Ariadna perdi\u00f3 la vida al interior del departamento de Rautel \u00abN\u00bb, lugar al que arribaron luego de haber estado en un restaurante ubicado en la colonia Condesa.<\/p>\n\n\n\n<p>El pasado 7 de noviembre un juez de control dict\u00f3 prisi\u00f3n preventiva oficiosa a Vanessa \u00abN\u00bb, por lo que permanece internada en el penal de Santa Martha Acatitla. De acuerdo con la informaci\u00f3n presentada por la jefa de Gobierno de la Ciudad de M\u00e9xico, Cluadia Sheinbaum,&nbsp;la investigaci\u00f3n realizada \u00abes s\u00f3lida y clara\u201d.&nbsp;<\/p>\n\n\n\n<p>Por otra parte, la titular de la&nbsp;Fiscal\u00eda General de Justicia de la Ciudad de M\u00e9xico, Ernestina Godoy,&nbsp;las investigaciones apuntan a que la muerte de Ariadna Fernanda se produjo al interior del departamento donde se vio por \u00faltima vez localizado en la alcald\u00eda Cuauht\u00e9moc.<\/p>\n\n\n\n<p>(Informaci\u00f3n de \u201cEl Heraldo de M\u00e9xico\u201d)<\/p>\n","protected":false},"excerpt":{"rendered":"<p>Redacci\u00f3n\/Zona Roja Cdmx. Ciudad de M\u00e9xico, a 12 de noviembre de 2022.- Este viernes, Vanessa&hellip;<\/p>\n","protected":false},"author":2,"featured_media":47938,"comment_status":"closed","ping_status":"open","sticky":false,"template":"","format":"standard","meta":{"_lmt_disableupdate":"","_lmt_disable":"","_jetpack_memberships_contains_paid_content":false,"footnotes":""},"categories":[109,47],"tags":[3307],"class_list":["post-47937","post","type-post","status-publish","format-standard","has-post-thumbnail","hentry","category-minuto-a-minuto","category-zona-gris","tag-ariadna-fernanda-lopez-diaz"],"jetpack_featured_media_url":"https:\/\/zonaroja.com.mx\/wp-content\/uploads\/2022\/11\/Vanessa-N-caso-Ariadna-Fernanda.jpeg","jetpack_sharing_enabled":true,"_links":{"self":[{"href":"https:\/\/zonaroja.com.mx\/index.php?rest_route=\/wp\/v2\/posts\/47937","targetHints":{"allow":["GET"]}}],"collection":[{"href":"https:\/\/zonaroja.com.mx\/index.php?rest_route=\/wp\/v2\/posts"}],"about":[{"href":"https:\/\/zonaroja.com.mx\/index.php?rest_route=\/wp\/v2\/types\/post"}],"author":[{"embeddable":true,"href":"https:\/\/zonaroja.com.mx\/index.php?rest_route=\/wp\/v2\/users\/2"}],"replies":[{"embeddable":true,"href":"https:\/\/zonaroja.com.mx\/index.php?rest_route=%2Fwp%2Fv2%2Fcomments&post=47937"}],"version-history":[{"count":1,"href":"https:\/\/zonaroja.com.mx\/index.php?rest_route=\/wp\/v2\/posts\/47937\/revisions"}],"predecessor-version":[{"id":47939,"href":"https:\/\/zonaroja.com.mx\/index.php?rest_route=\/wp\/v2\/posts\/47937\/revisions\/47939"}],"wp:featuredmedia":[{"embeddable":true,"href":"https:\/\/zonaroja.com.mx\/index.php?rest_route=\/wp\/v2\/media\/47938"}],"wp:attachment":[{"href":"https:\/\/zonaroja.com.mx\/index.php?rest_route=%2Fwp%2Fv2%2Fmedia&parent=47937"}],"wp:term":[{"taxonomy":"category","embeddable":true,"href":"https:\/\/zonaroja.com.mx\/index.php?rest_route=%2Fwp%2Fv2%2Fcategories&post=47937"},{"taxonomy":"post_tag","embeddable":true,"href":"https:\/\/zonaroja.com.mx\/index.php?rest_route=%2Fwp%2Fv2%2Ftags&post=47937"}],"curies":[{"name":"wp","href":"https:\/\/api.w.org\/{rel}","templated":true}]}}