{"id":47943,"date":"2022-11-12T10:49:00","date_gmt":"2022-11-12T16:49:00","guid":{"rendered":"http:\/\/www.zonaroja.com.mx\/?p=47943"},"modified":"2022-11-12T07:53:15","modified_gmt":"2022-11-12T13:53:15","slug":"registra-derechos-humanos-45-quejas-por-mal-trato-a-migrantes","status":"publish","type":"post","link":"https:\/\/zonaroja.com.mx\/?p=47943","title":{"rendered":"Registra Derechos Humanos 45 quejas por mal trato a migrantes"},"content":{"rendered":"\n<p>Redacci\u00f3n\/Zona Roja.<\/p>\n\n\n\n<p>Oaxaca de Ju\u00e1rez, Oax., a 12 de noviembre de 2022.- Ante la situaci\u00f3n migratoria que atraviesan miles de personas procedentes de Centro y Sudam\u00e9rica en su tr\u00e1nsito por Oaxaca, el ombudsperson, Bernardo Rodr\u00edguez Alamilla se reuni\u00f3 con los titulares de la oficina en la entidad del Instituto Nacional de Migraci\u00f3n (INM), V\u00edctor Manuel Mart\u00ednez Maya; as\u00ed como los c\u00f3nsules de El Salvador, Wilson Soto Ch\u00e1vez y Guatemala, No\u00e9 Francisco V\u00e1squez.<\/p>\n\n\n\n<p>Al encuentro tambi\u00e9n asistieron el titular de la Quinta Visitadur\u00eda general de la Comisi\u00f3n Nacional de Derechos Humanos, Ra\u00fal Arturo Ram\u00edrez Ram\u00edrez y la coordinadora de la CNDH en el estado, Carmen Tejeda Rodr\u00edguez, quienes recibieron informaci\u00f3n sobre las condiciones en las que se encuentran las personas en situaci\u00f3n de tr\u00e1nsito en San Pedro Tapanatepec, Oaxaca.<\/p>\n\n\n\n<p>El titular de la Defensor\u00eda de los Derechos Humanos del Pueblo de Oaxaca (DDHPO), resalt\u00f3 la importancia de establecer puentes de comunicaci\u00f3n y trabajo a favor de las personas migrantes, para brindar una atenci\u00f3n con enfoque de derechos humanos.<\/p>\n\n\n\n<p>Indic\u00f3 que, ante el fen\u00f3meno migratorio, es fundamental garantizar la seguridad de las personas en situaci\u00f3n de tr\u00e1nsito, pero, adem\u00e1s, que el Estado les procure otros derechos como la salud y que sean registrados para saber las condiciones en las que realizan su tr\u00e1nsito por el propio pa\u00eds.<\/p>\n\n\n\n<p>Agreg\u00f3 que, se debe colocar al centro de toma de decisiones a la persona, pues m\u00e1s all\u00e1 de su estatus migratorio, es prioritario que se articule la pol\u00edtica p\u00fablica del pa\u00eds, para salvaguardar la integridad, dignidad y derechos humanos de las y los migrantes.<\/p>\n\n\n\n<p>Rodr\u00edguez Alamilla refrend\u00f3 el compromiso del organismo a su cargo de ser un ente aliado y vigilante del respeto a los derechos humanos de las personas migrantes, para que sean vigentes en cualquier parte del territorio.<\/p>\n\n\n\n<p>Durante este di\u00e1logo, el Instituto Nacional de Migraci\u00f3n Oficina con representaci\u00f3n en Oaxaca, detall\u00f3 sobre las condiciones en las que se encuentran las personas migrantes, en temas relacionados con la organizaci\u00f3n, servicios, seguridad, salud, especialmente de ni\u00f1as, ni\u00f1os y mujeres embarazadas.<\/p>\n\n\n\n<p>Asimismo, cabe destacar que la Defensor\u00eda de los Derechos Humanos del Pueblo de Oaxaca ha iniciado entre enero de 2020 y hasta el 11 de noviembre de 2022, 45 expedientes relacionados con quejas presentadas por personas migrantes que se encontraban en situaci\u00f3n de tr\u00e1nsito por Oaxaca.<\/p>\n\n\n\n<p>Al t\u00e9rmino del encuentro, se llev\u00f3 a cabo un recorrido en la estaci\u00f3n migratoria ubicada en la capital del estado, donde el titular de la DDHPO, as\u00ed como los servidores p\u00fablicos de la CNDH realizaron un proceso de observaci\u00f3n in situ de las condiciones en las que se encuentran las personas en este espacio.<\/p>\n\n\n\n<p>(Comunicado)<\/p>\n","protected":false},"excerpt":{"rendered":"<p>Redacci\u00f3n\/Zona Roja. Oaxaca de Ju\u00e1rez, Oax., a 12 de noviembre de 2022.- Ante la situaci\u00f3n&hellip;<\/p>\n","protected":false},"author":2,"featured_media":47944,"comment_status":"closed","ping_status":"open","sticky":false,"template":"","format":"standard","meta":{"_lmt_disableupdate":"","_lmt_disable":"","_jetpack_memberships_contains_paid_content":false,"footnotes":""},"categories":[109,46],"tags":[286],"class_list":["post-47943","post","type-post","status-publish","format-standard","has-post-thumbnail","hentry","category-minuto-a-minuto","category-zona-blanca","tag-defensoria-de-los-derechos-humanos-del-pueblo-de-oaxaca"],"jetpack_featured_media_url":"https:\/\/zonaroja.com.mx\/wp-content\/uploads\/2022\/11\/11-noviembre-Pugna-DDHPO-por-atencion-con-enfoque-de-DDHH-a-personas-en-situacion-de-transito-1.jpg","jetpack_sharing_enabled":true,"_links":{"self":[{"href":"https:\/\/zonaroja.com.mx\/index.php?rest_route=\/wp\/v2\/posts\/47943","targetHints":{"allow":["GET"]}}],"collection":[{"href":"https:\/\/zonaroja.com.mx\/index.php?rest_route=\/wp\/v2\/posts"}],"about":[{"href":"https:\/\/zonaroja.com.mx\/index.php?rest_route=\/wp\/v2\/types\/post"}],"author":[{"embeddable":true,"href":"https:\/\/zonaroja.com.mx\/index.php?rest_route=\/wp\/v2\/users\/2"}],"replies":[{"embeddable":true,"href":"https:\/\/zonaroja.com.mx\/index.php?rest_route=%2Fwp%2Fv2%2Fcomments&post=47943"}],"version-history":[{"count":1,"href":"https:\/\/zonaroja.com.mx\/index.php?rest_route=\/wp\/v2\/posts\/47943\/revisions"}],"predecessor-version":[{"id":47945,"href":"https:\/\/zonaroja.com.mx\/index.php?rest_route=\/wp\/v2\/posts\/47943\/revisions\/47945"}],"wp:featuredmedia":[{"embeddable":true,"href":"https:\/\/zonaroja.com.mx\/index.php?rest_route=\/wp\/v2\/media\/47944"}],"wp:attachment":[{"href":"https:\/\/zonaroja.com.mx\/index.php?rest_route=%2Fwp%2Fv2%2Fmedia&parent=47943"}],"wp:term":[{"taxonomy":"category","embeddable":true,"href":"https:\/\/zonaroja.com.mx\/index.php?rest_route=%2Fwp%2Fv2%2Fcategories&post=47943"},{"taxonomy":"post_tag","embeddable":true,"href":"https:\/\/zonaroja.com.mx\/index.php?rest_route=%2Fwp%2Fv2%2Ftags&post=47943"}],"curies":[{"name":"wp","href":"https:\/\/api.w.org\/{rel}","templated":true}]}}