{"id":47946,"date":"2022-11-12T15:02:18","date_gmt":"2022-11-12T21:02:18","guid":{"rendered":"http:\/\/www.zonaroja.com.mx\/?p=47946"},"modified":"2022-11-12T15:02:20","modified_gmt":"2022-11-12T21:02:20","slug":"detienen-a-probable-feminicida-de-la-maestra-monica-citlalli","status":"publish","type":"post","link":"https:\/\/zonaroja.com.mx\/?p=47946","title":{"rendered":"Detienen a probable feminicida de la maestra M\u00f3nica Citlalli"},"content":{"rendered":"\n<p>Redacci\u00f3n\/Zona Roja Cdmx.<\/p>\n\n\n\n<p>Ciudad de M\u00e9xico, a 12 de noviembre de 2022.- Personal de la Fiscal\u00eda General de Justicia del Estado de M\u00e9xico detuvo hoy en la madrugada en Ecatepec, Morelos, a Jes\u00fas Alexis \u201cN\u201d, novio de M\u00f3nica Citlalli y probable feminicida de la joven maestra.<\/p>\n\n\n\n<p>Asimismo, poco despu\u00e9s detuvo a la se\u00f1ora Mar\u00eda Isabel \u201cN\u201d, madre de Alexis, como probable copart\u00edcipe del delito de homicidio en contra de la maestra de ingl\u00e9s.<\/p>\n\n\n\n<p>M\u00f3nica Citlalli D\u00edaz Res\u00e9ndiz, maestra de ingl\u00e9s en Ecatepec, fue encontrada muerta el 9 de noviembre en la carretera M\u00e9xico-Cuernavaca, tras salir de su domicilio el 3 de noviembre anterior.<\/p>\n\n\n\n<p>Se presume que fue asesinada por Jes\u00fas Alexis, quien habr\u00eda tirado el cuerpo a un costado de la vialidad.<\/p>\n\n\n\n<p>VINCULADO A PROCESO<\/p>\n\n\n\n<p>Por otra parte, un juez de control vincul\u00f3 a proceso a Fernando \u00abN\u00bb, conductor del taxi del cual se arroj\u00f3 Lidia Gabriela cuando el veh\u00edculo circulaba a exceso de velocidad en calles de la alcald\u00eda Iztapalapa.&nbsp;<\/p>\n\n\n\n<p>La joven presuntamente se lanz\u00f3&nbsp;para evitar ser v\u00edctima de secuestro u otro delito el pasado 1 de noviembre, en calzada Ermita Iztapalapa, colonia Constituci\u00f3n de 1917.&nbsp;&nbsp;<\/p>\n\n\n\n<p>El hombre de 56 a\u00f1os fue se\u00f1alado por la probable comisi\u00f3n de los delitos contra la salud, en su modalidad de narcomenudeo, hip\u00f3tesis de posesi\u00f3n con fines de comercio, y portaci\u00f3n de arma de fuego.&nbsp;<\/p>\n\n\n\n<p>(Con informaci\u00f3n de \u201cMilenio\u201d)<\/p>\n","protected":false},"excerpt":{"rendered":"<p>Redacci\u00f3n\/Zona Roja Cdmx. Ciudad de M\u00e9xico, a 12 de noviembre de 2022.- Personal de la&hellip;<\/p>\n","protected":false},"author":2,"featured_media":47949,"comment_status":"closed","ping_status":"open","sticky":false,"template":"","format":"standard","meta":{"_lmt_disableupdate":"","_lmt_disable":"","_jetpack_memberships_contains_paid_content":false,"footnotes":""},"categories":[109,47],"tags":[3310],"class_list":["post-47946","post","type-post","status-publish","format-standard","has-post-thumbnail","hentry","category-minuto-a-minuto","category-zona-gris","tag-monica-citlalli-diaz-resendiz"],"jetpack_featured_media_url":"https:\/\/zonaroja.com.mx\/wp-content\/uploads\/2022\/11\/Detencion-Alexis-N-Monica-Citlalli.jpg","jetpack_sharing_enabled":true,"_links":{"self":[{"href":"https:\/\/zonaroja.com.mx\/index.php?rest_route=\/wp\/v2\/posts\/47946","targetHints":{"allow":["GET"]}}],"collection":[{"href":"https:\/\/zonaroja.com.mx\/index.php?rest_route=\/wp\/v2\/posts"}],"about":[{"href":"https:\/\/zonaroja.com.mx\/index.php?rest_route=\/wp\/v2\/types\/post"}],"author":[{"embeddable":true,"href":"https:\/\/zonaroja.com.mx\/index.php?rest_route=\/wp\/v2\/users\/2"}],"replies":[{"embeddable":true,"href":"https:\/\/zonaroja.com.mx\/index.php?rest_route=%2Fwp%2Fv2%2Fcomments&post=47946"}],"version-history":[{"count":1,"href":"https:\/\/zonaroja.com.mx\/index.php?rest_route=\/wp\/v2\/posts\/47946\/revisions"}],"predecessor-version":[{"id":47950,"href":"https:\/\/zonaroja.com.mx\/index.php?rest_route=\/wp\/v2\/posts\/47946\/revisions\/47950"}],"wp:featuredmedia":[{"embeddable":true,"href":"https:\/\/zonaroja.com.mx\/index.php?rest_route=\/wp\/v2\/media\/47949"}],"wp:attachment":[{"href":"https:\/\/zonaroja.com.mx\/index.php?rest_route=%2Fwp%2Fv2%2Fmedia&parent=47946"}],"wp:term":[{"taxonomy":"category","embeddable":true,"href":"https:\/\/zonaroja.com.mx\/index.php?rest_route=%2Fwp%2Fv2%2Fcategories&post=47946"},{"taxonomy":"post_tag","embeddable":true,"href":"https:\/\/zonaroja.com.mx\/index.php?rest_route=%2Fwp%2Fv2%2Ftags&post=47946"}],"curies":[{"name":"wp","href":"https:\/\/api.w.org\/{rel}","templated":true}]}}