{"id":47972,"date":"2022-11-13T10:00:00","date_gmt":"2022-11-13T16:00:00","guid":{"rendered":"http:\/\/www.zonaroja.com.mx\/?p=47972"},"modified":"2022-11-13T07:28:35","modified_gmt":"2022-11-13T13:28:35","slug":"y-el-regidor-de-medio-ambiente-de-oaxaca-capital-priista-no-asiste-ni-a-cabildo","status":"publish","type":"post","link":"https:\/\/zonaroja.com.mx\/?p=47972","title":{"rendered":"\u00bfY el regidor de medio ambiente de Oaxaca capital? Priista no asiste ni a Cabildo"},"content":{"rendered":"\n<p>Yuridiana Sosa\/Zona Roja.<\/p>\n\n\n\n<p>Oaxaca de Ju\u00e1rez, Oax., a 13 de noviembre de 2022.- En medio de la crisis sanitaria que enfrenta la capital del estado por el cierre del basurero municipal, el regidor de Medio Ambiente y Cambio Clim\u00e1tico, Jes\u00fas Joaqu\u00edn Galguera G\u00f3mez \u201cabandona\u201d sus funciones.<\/p>\n\n\n\n<p>El concejal emanado del Partido Revolucionario Institucional, nombrado para cubrir el lugar que no tom\u00f3 el ex candidato a la presidencia Javier Villaca\u00f1a, ha faltado en m\u00faltiples ocasiones a las sesiones de Cabildo, acumulando tan solo en el primer cuatrimestre unas 17 ausencias.<\/p>\n\n\n\n<p>Pero sus inasistencias no cesaron y a\u00fan con varias semanas del problema con la basura en las calles el regidor no se aparece en las sesiones, la m\u00e1s reciente &#8211; por en\u00e9sima ocasi\u00f3n- ocurri\u00f3 el pasado 10 de noviembre, cuando se desat\u00f3 un conflicto ciudadano por la apertura de un \u201ctiradero\u201d en la antigua f\u00e1brica de Triplay, en la capital.<\/p>\n\n\n\n<p>Durante la sesi\u00f3n se inform\u00f3 que a las 10:18 horas de ese mismo d\u00eda el regidor ingres\u00f3 un oficio a la Secretar\u00eda Municipal para informar que \u201cpor causas de fuerza mayor y ajenas a su voluntad se ve imposibilitado de presenciar la sesi\u00f3n de Cabildo\u201d.<\/p>\n\n\n\n<p>En consecuencia, tampoco estuvo presente en la conferencia de prensa que convoc\u00f3 el edil Francisco Mart\u00ednez Neri, de Morena, para fijar postura y aclarar situaciones en torno a hechos por la crisis de la basura.<\/p>\n\n\n\n<p>Sin embargo, dos d\u00edas antes, el 8 de noviembre, hizo acto de presencia en una conferencia de prensa que convoc\u00f3 la dirigencia estatal del PRI, que lidera Javier Villaca\u00f1a, la cual abord\u00f3 la problem\u00e1tica de la basura en la ciudad y la irresponsabilidad de la autoridad municipal para resolverla.<\/p>\n\n\n\n<p>A la conferencia tambi\u00e9n asisti\u00f3 la regidora de oposici\u00f3n, Jocabed Betanzos Vel\u00e1zquez, quien a diferencia de Galguera G\u00f3mez, tom\u00f3 la palabra.<\/p>\n\n\n\n<p>El regidor de Medio Ambiente -empresario de negocios relacionados con la comercializaci\u00f3n del caf\u00e9- carece de trabajo dentro del gobierno municipal, a quien ambientalistas lo han buscado sin localizarlo en incontables ocasiones.<\/p>\n","protected":false},"excerpt":{"rendered":"<p>Yuridiana Sosa\/Zona Roja. Oaxaca de Ju\u00e1rez, Oax., a 13 de noviembre de 2022.- En medio&hellip;<\/p>\n","protected":false},"author":2,"featured_media":47974,"comment_status":"closed","ping_status":"open","sticky":false,"template":"","format":"standard","meta":{"_lmt_disableupdate":"","_lmt_disable":"","_jetpack_memberships_contains_paid_content":false,"footnotes":""},"categories":[1],"tags":[3312],"class_list":["post-47972","post","type-post","status-publish","format-standard","has-post-thumbnail","hentry","category-sin-categoria","tag-jesus-joaquin-galguera-gomez"],"jetpack_featured_media_url":"https:\/\/zonaroja.com.mx\/wp-content\/uploads\/2022\/11\/Jesus-Joaquin-Galguera-Gomez.png","jetpack_sharing_enabled":true,"_links":{"self":[{"href":"https:\/\/zonaroja.com.mx\/index.php?rest_route=\/wp\/v2\/posts\/47972","targetHints":{"allow":["GET"]}}],"collection":[{"href":"https:\/\/zonaroja.com.mx\/index.php?rest_route=\/wp\/v2\/posts"}],"about":[{"href":"https:\/\/zonaroja.com.mx\/index.php?rest_route=\/wp\/v2\/types\/post"}],"author":[{"embeddable":true,"href":"https:\/\/zonaroja.com.mx\/index.php?rest_route=\/wp\/v2\/users\/2"}],"replies":[{"embeddable":true,"href":"https:\/\/zonaroja.com.mx\/index.php?rest_route=%2Fwp%2Fv2%2Fcomments&post=47972"}],"version-history":[{"count":1,"href":"https:\/\/zonaroja.com.mx\/index.php?rest_route=\/wp\/v2\/posts\/47972\/revisions"}],"predecessor-version":[{"id":47975,"href":"https:\/\/zonaroja.com.mx\/index.php?rest_route=\/wp\/v2\/posts\/47972\/revisions\/47975"}],"wp:featuredmedia":[{"embeddable":true,"href":"https:\/\/zonaroja.com.mx\/index.php?rest_route=\/wp\/v2\/media\/47974"}],"wp:attachment":[{"href":"https:\/\/zonaroja.com.mx\/index.php?rest_route=%2Fwp%2Fv2%2Fmedia&parent=47972"}],"wp:term":[{"taxonomy":"category","embeddable":true,"href":"https:\/\/zonaroja.com.mx\/index.php?rest_route=%2Fwp%2Fv2%2Fcategories&post=47972"},{"taxonomy":"post_tag","embeddable":true,"href":"https:\/\/zonaroja.com.mx\/index.php?rest_route=%2Fwp%2Fv2%2Ftags&post=47972"}],"curies":[{"name":"wp","href":"https:\/\/api.w.org\/{rel}","templated":true}]}}