{"id":47982,"date":"2022-11-14T10:54:00","date_gmt":"2022-11-14T16:54:00","guid":{"rendered":"http:\/\/www.zonaroja.com.mx\/?p=47982"},"modified":"2022-11-14T06:45:02","modified_gmt":"2022-11-14T12:45:02","slug":"corredor-interoceanico-en-mexico-movera-1-4-millones-de-contenedores-al-ano","status":"publish","type":"post","link":"https:\/\/zonaroja.com.mx\/?p=47982","title":{"rendered":"Corredor Interoce\u00e1nico en M\u00e9xico mover\u00e1 1.4 millones de contenedores al a\u00f1o"},"content":{"rendered":"\n<p>Redacci\u00f3n\/Zona Roja Cdmx.<\/p>\n\n\n\n<p>Ciudad de M\u00e9xico, a 14 de noviembre de 2022.- El proyecto del Corredor Interoce\u00e1nico del Istmo de Tehuantepec, la zona m\u00e1s angosta de M\u00e9xico entre el oc\u00e9ano Pac\u00edfico y el Atl\u00e1ntico y una de las emblem\u00e1ticas megaobras de infraestructura de la administraci\u00f3n del presidente Andr\u00e9s Manuel L\u00f3pez Obrador, permitir\u00e1 la movilidad de 1.4 millones de contenedores anualmente, se\u00f1alaron este mi\u00e9rcoles especialistas en un encuentro del sector.<\/p>\n\n\n\n<p>Adem\u00e1s, el corredor se convertir\u00e1 en una alternativa de conexi\u00f3n entre ambos oc\u00e9anos \u201cm\u00e1s econ\u00f3mica y veloz que el Canal de Panam\u00e1\u201c, concluyeron los expertos.<\/p>\n\n\n\n<p>Durante los trabajos del encuentro Intertraffic M\u00e9xico 2022, Eduardo Romero Fong, coordinador para el desarrollo y estrategia del sector productivo industrial y bienestar del Corredor, inform\u00f3 que el proyecto reporta un avance importante y comenzar\u00e1 sus operaciones en 2023.<\/p>\n\n\n\n<p>Record\u00f3 que la obra conectar\u00e1 los puertos de Salina Cruz, en Oaxaca, con Coatzacoalcos, en Veracruz, en una franja de 303 kil\u00f3metros de longitud que contar\u00e1 con dos puertos de altura, ferrocarril, carreteras, tres aeropuertos (Minatitl\u00e1n, Ixtepec y Huatulco), as\u00ed como un gasoducto y una red de fibra \u00f3ptica.<\/p>\n\n\n\n<p>\u201cEl proyecto permitir\u00e1 impulsar de manera decidida el desarrollo del Istmo, del sureste mexicano y, en general, de la econom\u00eda del pa\u00eds, ya que tendr\u00e1 capacidad para transportar de puerto a puerto 1.4 millones de contenedores anualmente en un trayecto de menos de seis horas, m\u00e1s econ\u00f3mico y r\u00e1pido que el Canal de Panam\u00e1\u201d, destac\u00f3.<\/p>\n\n\n\n<p>As\u00ed mismo, Fong expuso que se trata del proyecto insignia del Gobierno federal, junto con el Aeropuerto Internacional Felipe \u00c1ngeles, la Refiner\u00eda de Dos Bocas y el Tren Maya.<\/p>\n\n\n\n<p>Se\u00f1al\u00f3 que el Corredor Interoce\u00e1nico generar\u00e1 hacia 2050, 1.6% del PIB nacional, 50,000 millones de d\u00f3lares de inversi\u00f3n y 550,000 empleos en los parques industriales que ser\u00e1n instalados en toda la ruta.<\/p>\n\n\n\n<p>Adem\u00e1s, ser\u00e1 un importante im\u00e1n para las inversiones, con incentivos fiscales, zona de libre comercio, recintos aduanales, reducciones arancelarias, ventanilla \u00fanica de tr\u00e1mites, as\u00ed como el desarrollo de zonas habitacionales y reservas naturales.<\/p>\n\n\n\n<p>En su oportunidad, Hermilo P\u00e9rez Cabrera, director de la Asociaci\u00f3n de Autoridades Locales de M\u00e9xico, coincidi\u00f3 en que el megaproyecto transformar\u00e1 el rostro de la regi\u00f3n y colocar\u00e1 a 79 municipios en el epicentro del desarrollo de esta obra, que tendr\u00e1 un importante impacto detonador de riqueza y empleos.<\/p>\n\n\n\n<p>En el segundo d\u00eda de actividades de Intertraffic Mexico 2022, especialistas alertaron sobre la \u201curgente necesidad que tiene M\u00e9xico de contar con una movilidad sostenible y segura, mediante el uso de sistemas de transporte multimodal, as\u00ed como el fomento de la bicicleta y sistemas de movilidad activa\u201d.<\/p>\n\n\n\n<p>Intertraffic es el principal encuentro del sector de la movilidad y punto de encuentro para conocer avances en movilidad del futuro, que se realiza desde hace 50 a\u00f1os en \u00c1msterdam, Pa\u00edses Bajos.<\/p>\n\n\n\n<p>(Informaci\u00f3n de EFE en Infobae)<\/p>\n","protected":false},"excerpt":{"rendered":"<p>Redacci\u00f3n\/Zona Roja Cdmx. Ciudad de M\u00e9xico, a 14 de noviembre de 2022.- El proyecto del&hellip;<\/p>\n","protected":false},"author":2,"featured_media":43018,"comment_status":"closed","ping_status":"open","sticky":false,"template":"","format":"standard","meta":{"_lmt_disableupdate":"","_lmt_disable":"","_jetpack_memberships_contains_paid_content":false,"footnotes":""},"categories":[109,46],"tags":[2917],"class_list":["post-47982","post","type-post","status-publish","format-standard","has-post-thumbnail","hentry","category-minuto-a-minuto","category-zona-blanca","tag-corredor-interoceanico-oaxaca"],"jetpack_featured_media_url":"https:\/\/zonaroja.com.mx\/wp-content\/uploads\/2022\/07\/Proyecto-corredor-interoceanico.jpeg","jetpack_sharing_enabled":true,"_links":{"self":[{"href":"https:\/\/zonaroja.com.mx\/index.php?rest_route=\/wp\/v2\/posts\/47982","targetHints":{"allow":["GET"]}}],"collection":[{"href":"https:\/\/zonaroja.com.mx\/index.php?rest_route=\/wp\/v2\/posts"}],"about":[{"href":"https:\/\/zonaroja.com.mx\/index.php?rest_route=\/wp\/v2\/types\/post"}],"author":[{"embeddable":true,"href":"https:\/\/zonaroja.com.mx\/index.php?rest_route=\/wp\/v2\/users\/2"}],"replies":[{"embeddable":true,"href":"https:\/\/zonaroja.com.mx\/index.php?rest_route=%2Fwp%2Fv2%2Fcomments&post=47982"}],"version-history":[{"count":2,"href":"https:\/\/zonaroja.com.mx\/index.php?rest_route=\/wp\/v2\/posts\/47982\/revisions"}],"predecessor-version":[{"id":48000,"href":"https:\/\/zonaroja.com.mx\/index.php?rest_route=\/wp\/v2\/posts\/47982\/revisions\/48000"}],"wp:featuredmedia":[{"embeddable":true,"href":"https:\/\/zonaroja.com.mx\/index.php?rest_route=\/wp\/v2\/media\/43018"}],"wp:attachment":[{"href":"https:\/\/zonaroja.com.mx\/index.php?rest_route=%2Fwp%2Fv2%2Fmedia&parent=47982"}],"wp:term":[{"taxonomy":"category","embeddable":true,"href":"https:\/\/zonaroja.com.mx\/index.php?rest_route=%2Fwp%2Fv2%2Fcategories&post=47982"},{"taxonomy":"post_tag","embeddable":true,"href":"https:\/\/zonaroja.com.mx\/index.php?rest_route=%2Fwp%2Fv2%2Ftags&post=47982"}],"curies":[{"name":"wp","href":"https:\/\/api.w.org\/{rel}","templated":true}]}}