{"id":47984,"date":"2022-11-13T15:20:20","date_gmt":"2022-11-13T21:20:20","guid":{"rendered":"http:\/\/www.zonaroja.com.mx\/?p=47984"},"modified":"2022-11-13T15:39:05","modified_gmt":"2022-11-13T21:39:05","slug":"ex-ulisistas-ex-galicistas-ex-muratistas-y-fuereno-en-gabinete-de-salomon-jara","status":"publish","type":"post","link":"https:\/\/zonaroja.com.mx\/?p=47984","title":{"rendered":"Ex ulisistas, ex gabinistas, ex muratistas y otro fuere\u00f1o en gabinete de Salom\u00f3n Jara"},"content":{"rendered":"\n<p>Ismael Garc\u00eda M.\/Zona Roja<\/p>\n\n\n\n<p>Santa Luc\u00eda del Camino, Oax.,&nbsp; A 13 de noviembre de 2022.- Aunque ofreci\u00f3 que no reciclar\u00eda funcionarios de sexenios anteriores ni traer\u00eda de otros estados del pa\u00eds, el gobernador electo de Oaxaca, Salom\u00f3n Jara Cruz, present\u00f3 hoy la segunda parte de su gabinete, en que se encuentran ex ulisistas, ex galicistas, ex muratistas y un fuere\u00f1o.<\/p>\n\n\n\n<p>En un acto efectuado este domingo en el Centro Cultural y de Convenciones, detall\u00f3 los nombramientos, entre ellos en la Secretar\u00eda de las Infraestructuras a Netzahualc\u00f3yotl Salvatierra, quien fungi\u00f3 en el mismo cargo en el sexenio Gabino Cu\u00e9 Monteagudo.<\/p>\n\n\n\n<p>Donde adem\u00e1s recibi\u00f3 m\u00faltiples se\u00f1alamientos por las irregularidades, entre ellos los altos costos, en las obras del puente a desnivel del crucero de Cinco Se\u00f1ores y del Centro de Iniciaci\u00f3n Musical de Oaxaca (CIMO); tras ello, se fue a refugiar a la ciudad de M\u00e9xico, donde instal\u00f3 sus empresas.<\/p>\n\n\n\n<p>Pese a que ha dicho que nombrar\u00eda s\u00f3lo a oaxaque\u00f1os y ha criticado a Alejandro Murat por traer funcionarios de otras entidades, Jara Cruz design\u00f3 al marino Iv\u00e1n Garc\u00eda \u00c1lvarez.<\/p>\n\n\n\n<p>Bertha Ruth Arreola, quien labor\u00f3 por varios a\u00f1os en el gobierno de Ulises Ruiz Ortiz y ha asesorado a otros gobiernos, ser\u00e1 la secretaria de Interculturalidad y Pueblos Ind\u00edgenas.<\/p>\n\n\n\n<p>Daniel Cruz Hern\u00e1ndez, quien labor\u00f3 en comunicaci\u00f3n social del IEEPO en el sexenio de Gabino Cu\u00e9 y en prensa de los Servicios de Salud con Alejandro Murat, ser\u00e1 el director de la Corporaci\u00f3n Oaxaque\u00f1a de Radio y Televisi\u00f3n.<\/p>\n\n\n\n<p>Mientras que William Bautista, sin experiencia en cargos administrativos y sin estudios profesionales, ser\u00e1 el responsable de la comunicaci\u00f3n social del gobierno.<\/p>\n\n\n\n<p>Claudina de Gyves ser\u00e1 la secretaria de Movilidad; Ana Lilia Velasco Hern\u00e1ndez, trabajadora de base y recomendada por la Secci\u00f3n 35 del Sindicato de Salud, fungir\u00e1 como titular de los Servicios de Salud de Oaxaca.<\/p>\n\n\n\n<p>Karina Bar\u00f3n Ortiz, en el actual sexenio como responsable de la mesa de seguridad, ser\u00e1 la titular del Secretariado Ejecutivo del Sistema Estatal de Seguridad P\u00fablica.<\/p>\n\n\n\n<p>Leticia Elsa Reyes L\u00f3pez, se har\u00e1 cargo de lo que hoy es la Secretar\u00eda de la Contralor\u00eda y ser\u00e1 la Secretar\u00eda de Honestidad y Transparencia.<\/p>\n\n\n\n<p>Familiar del empresario Alfredo Harp Hel\u00fa, Karime Unda Harp ser\u00e1 la titular de la Secretar\u00eda del Medio Ambiente.<\/p>\n\n\n\n<p>Adem\u00e1s, Jara Cruz anunci\u00f3 que la cantante Lila Downs ser\u00e1 la secretar\u00eda de las Culturas, s\u00f3lo que por andar en gira fuera del estado, no fue posible presentarla hoy.<\/p>\n\n\n\n<p>Entre el 24 y el 25 de noviembre, el gobernador electo presentar\u00e1 al resto de los integrantes, ahora del gabinete ampliado.<\/p>\n\n\n\n<figure class=\"wp-block-embed is-type-rich is-provider-twitter wp-block-embed-twitter\"><div class=\"wp-block-embed__wrapper\">\n<div class=\"twitter-tweet\"><blockquote class=\"twitter-tweet\" data-lang=\"es\"><p lang=\"es\" dir=\"ltr\">Reciclados de los sexenios de Alejandro Murat, Gabino Cu\u00e9 y Ulises Ruiz, los integrantes del pr\u00f3ximo gabinete, presentados hoy por el gobernador electo <a href=\"https:\/\/twitter.com\/salomonj?ref_src=twsrc%5Etfw\">@salomonj<\/a>.<br>Entre ellos Netzahualc\u00f3yotl Salvatierra, se\u00f1alado por fraudes en el puente a desnivel de Cinco Se\u00f1ores y en el CIMO. <a href=\"https:\/\/t.co\/nckQOd7THQ\">pic.twitter.com\/nckQOd7THQ<\/a><\/p>&mdash; Zona Roja Oaxaca (@ZonaRoja_Oaxaca) <a href=\"https:\/\/twitter.com\/ZonaRoja_Oaxaca\/status\/1591891646291087365?ref_src=twsrc%5Etfw\">13 de noviembre de 2022<\/a><\/blockquote><\/div>\n<\/div><\/figure>\n","protected":false},"excerpt":{"rendered":"<p>Ismael Garc\u00eda M.\/Zona Roja Santa Luc\u00eda del Camino, Oax.,&nbsp; A 13 de noviembre de 2022.-&hellip;<\/p>\n","protected":false},"author":2,"featured_media":47985,"comment_status":"closed","ping_status":"open","sticky":false,"template":"","format":"standard","meta":{"_lmt_disableupdate":"","_lmt_disable":"","_jetpack_memberships_contains_paid_content":false,"footnotes":""},"categories":[1],"tags":[],"class_list":["post-47984","post","type-post","status-publish","format-standard","has-post-thumbnail","hentry","category-sin-categoria"],"jetpack_featured_media_url":"https:\/\/zonaroja.com.mx\/wp-content\/uploads\/2022\/11\/Gabinete-segunda-parte-Salomon-Jara.jpg","jetpack_sharing_enabled":true,"_links":{"self":[{"href":"https:\/\/zonaroja.com.mx\/index.php?rest_route=\/wp\/v2\/posts\/47984","targetHints":{"allow":["GET"]}}],"collection":[{"href":"https:\/\/zonaroja.com.mx\/index.php?rest_route=\/wp\/v2\/posts"}],"about":[{"href":"https:\/\/zonaroja.com.mx\/index.php?rest_route=\/wp\/v2\/types\/post"}],"author":[{"embeddable":true,"href":"https:\/\/zonaroja.com.mx\/index.php?rest_route=\/wp\/v2\/users\/2"}],"replies":[{"embeddable":true,"href":"https:\/\/zonaroja.com.mx\/index.php?rest_route=%2Fwp%2Fv2%2Fcomments&post=47984"}],"version-history":[{"count":2,"href":"https:\/\/zonaroja.com.mx\/index.php?rest_route=\/wp\/v2\/posts\/47984\/revisions"}],"predecessor-version":[{"id":47990,"href":"https:\/\/zonaroja.com.mx\/index.php?rest_route=\/wp\/v2\/posts\/47984\/revisions\/47990"}],"wp:featuredmedia":[{"embeddable":true,"href":"https:\/\/zonaroja.com.mx\/index.php?rest_route=\/wp\/v2\/media\/47985"}],"wp:attachment":[{"href":"https:\/\/zonaroja.com.mx\/index.php?rest_route=%2Fwp%2Fv2%2Fmedia&parent=47984"}],"wp:term":[{"taxonomy":"category","embeddable":true,"href":"https:\/\/zonaroja.com.mx\/index.php?rest_route=%2Fwp%2Fv2%2Fcategories&post=47984"},{"taxonomy":"post_tag","embeddable":true,"href":"https:\/\/zonaroja.com.mx\/index.php?rest_route=%2Fwp%2Fv2%2Ftags&post=47984"}],"curies":[{"name":"wp","href":"https:\/\/api.w.org\/{rel}","templated":true}]}}