{"id":47987,"date":"2022-11-13T15:38:54","date_gmt":"2022-11-13T21:38:54","guid":{"rendered":"http:\/\/www.zonaroja.com.mx\/?p=47987"},"modified":"2022-11-13T15:38:56","modified_gmt":"2022-11-13T21:38:56","slug":"plantan-nuevo-laurel-en-zocalo-de-oaxaca-para-sustituir-a-guamuchil-seco","status":"publish","type":"post","link":"https:\/\/zonaroja.com.mx\/?p=47987","title":{"rendered":"Plantan nuevo laurel en z\u00f3calo de Oaxaca, para sustituir a guam\u00fachil seco"},"content":{"rendered":"\n<p>Redacci\u00f3n\/Zona Roja.<\/p>\n\n\n\n<p>Oaxaca de Ju\u00e1rez, Oax., a 13 de noviembre de 2022.- La madrugada de este domingo, autoridades estatales y sociedad civil plantaron un laurel de la India de ocho metros de alto, en el sitio donde la semana pasada se retir\u00f3 un guam\u00fachil, por no adaptarse al suelo.<\/p>\n\n\n\n<p>Este nuevo ejemplar fue colocado en el espacio donde el pasado 7 de junio cay\u00f3 un enorme laurel de m\u00e1s de 100 a\u00f1os, que por varias d\u00e9cadas dio cobijo a los conciertos dominicales de la Banda de M\u00fasica del Estado.<\/p>\n\n\n\n<p>En el acto de esta ma\u00f1ana estuvo presente el edil Francisco Mart\u00ednez Neri, acompa\u00f1ado por el empresario Salvador Flores Concha, de la enpresa \u201cChocolate Mayordomo\u201d, quien apoy\u00f3 esta causa.<\/p>\n\n\n\n<p>De acuerdo con un comunicado, la determinaci\u00f3n de sembrar un nuevo laurel de la india en el z\u00f3calo de la Ciudad de Oaxaca, tiene como sustento que esta especie arb\u00f3rea fue la segunda m\u00e1s votada en la consulta (por internet y presencial) organizada por el ayuntamiento,<\/p>\n\n\n\n<p>A pesar de las acciones para la selecci\u00f3n del guam\u00fachil, sembrado el pasado 30 de julio, su monitoreo permanente, cuidados y protecci\u00f3n, este \u00e1rbol no se pudo adaptar a su nuevo ecosistema, como lo establece el dictamen emitido SMACC\/RCRN\/813\/2022, elaborado por t\u00e9cnicos especialistas de la Secretar\u00eda de Medio Ambiente y Cambio Clim\u00e1tico del municipio capitalino.<\/p>\n\n\n\n<figure class=\"wp-block-embed is-type-rich is-provider-twitter wp-block-embed-twitter\"><div class=\"wp-block-embed__wrapper\">\n<div class=\"twitter-tweet\"><blockquote class=\"twitter-tweet\" data-lang=\"es\"><p lang=\"es\" dir=\"ltr\"><a href=\"https:\/\/twitter.com\/hashtag\/%C3%9AltimoMinuto?src=hash&amp;ref_src=twsrc%5Etfw\">#\u00daltimoMinuto<\/a> <br>Tras haberse secado el guam\u00fachil, el <a href=\"https:\/\/twitter.com\/MunicipioOaxaca?ref_src=twsrc%5Etfw\">@MunicipioOaxaca<\/a>, con el apoyo de la empresa \u201cChocolate Mayordomo\u201d, que encabeza Salvador Flores Concha, esta ma\u00f1ana fue sembrado un laurel de la India en el z\u00f3calo capitalino. <a href=\"https:\/\/t.co\/olIxhLPkWD\">pic.twitter.com\/olIxhLPkWD<\/a><\/p>&mdash; Zona Roja Oaxaca (@ZonaRoja_Oaxaca) <a href=\"https:\/\/twitter.com\/ZonaRoja_Oaxaca\/status\/1591847858403250177?ref_src=twsrc%5Etfw\">13 de noviembre de 2022<\/a><\/blockquote><\/div>\n<\/div><\/figure>\n\n\n\n<p>Por lo cual se determin\u00f3 su \u201cextracci\u00f3n con sustituci\u00f3n del ejemplar, al encontrarse totalmente seco\u201d, por lo que se autoriz\u00f3 remoci\u00f3n en los t\u00e9rminos del art\u00edculo 16 fracci\u00f3n I, V y VII del reglamento de Arbolado Urbano para el Municipio de Oaxaca de Ju\u00e1rez, as\u00ed como del apartado 8.2.1.3 de la Norma Ambiental Estatal NAE-IEEO-003\/2008.\u201d<\/p>\n\n\n\n<p>El nuevo laurel de la India tiene una altura de ocho metros, un di\u00e1metro de 20 pulgadas en su tallo y una edad de 18 a\u00f1os, el cual fue donado al ayuntamiento de la Ciudad de Oaxaca por la \u201cFundaci\u00f3n Salvador Flores Concha\u201d de la empresa chocolatera \u201cMayordomo\u201d.<\/p>\n\n\n\n<p>Por sus caracter\u00edsticas, se trata de \u00e1rbol ya logrado cuyo pron\u00f3stico de adaptabilidad clim\u00e1tica y a las condiciones del suelo es favorable, adem\u00e1s de haber germinado de una semilla del legendario y majestuoso laurel de la india ubicado en el Centro Arqueol\u00f3gico de Monte Alb\u00e1n, declarado por la UNESCO Patrimonio Cultural de la Humanidad, el 11 de diciembre de 1987.<\/p>\n\n\n\n<p>El laurel fue el segundo m\u00e1s votado para sembrar, seg\u00fan la encuesta que promovi\u00f3 el ayuntamiento capitalino, con el aval de un Comit\u00e9 T\u00e9cnico integrado \u2013entre otros\u2014 por la Fundaci\u00f3n Alfredo Harp Hel\u00fa, Asociaci\u00f3n Mexicana de Arboricultura (AMA), el Colectivo de Ambientalistas de Oaxaca (COAO), el Instituto Tecnol\u00f3gico del Valle de Oaxaca (ITVO), as\u00ed como por las organizaciones Nizarindani A.C y Salvando Vidas A.C., as\u00ed como por los colegios de Arquitectos de Oaxaca (CAO) y de Urbanistas de Oaxaca A.C. (CUO), donde se captaron 2,260 participaciones, de las cuales 1,319 votos correspondieron al guam\u00fachil; 709 al laurel; y 226 al higo Del Valle.<\/p>\n","protected":false},"excerpt":{"rendered":"<p>Redacci\u00f3n\/Zona Roja. Oaxaca de Ju\u00e1rez, Oax., a 13 de noviembre de 2022.- La madrugada de&hellip;<\/p>\n","protected":false},"author":2,"featured_media":47988,"comment_status":"closed","ping_status":"open","sticky":false,"template":"","format":"standard","meta":{"_lmt_disableupdate":"","_lmt_disable":"","_jetpack_memberships_contains_paid_content":false,"footnotes":""},"categories":[109,46],"tags":[148],"class_list":["post-47987","post","type-post","status-publish","format-standard","has-post-thumbnail","hentry","category-minuto-a-minuto","category-zona-blanca","tag-oaxaca-de-juarez"],"jetpack_featured_media_url":"https:\/\/zonaroja.com.mx\/wp-content\/uploads\/2022\/11\/Siembran-laurel-zocalo-Oaxaca.jpg","jetpack_sharing_enabled":true,"_links":{"self":[{"href":"https:\/\/zonaroja.com.mx\/index.php?rest_route=\/wp\/v2\/posts\/47987","targetHints":{"allow":["GET"]}}],"collection":[{"href":"https:\/\/zonaroja.com.mx\/index.php?rest_route=\/wp\/v2\/posts"}],"about":[{"href":"https:\/\/zonaroja.com.mx\/index.php?rest_route=\/wp\/v2\/types\/post"}],"author":[{"embeddable":true,"href":"https:\/\/zonaroja.com.mx\/index.php?rest_route=\/wp\/v2\/users\/2"}],"replies":[{"embeddable":true,"href":"https:\/\/zonaroja.com.mx\/index.php?rest_route=%2Fwp%2Fv2%2Fcomments&post=47987"}],"version-history":[{"count":1,"href":"https:\/\/zonaroja.com.mx\/index.php?rest_route=\/wp\/v2\/posts\/47987\/revisions"}],"predecessor-version":[{"id":47989,"href":"https:\/\/zonaroja.com.mx\/index.php?rest_route=\/wp\/v2\/posts\/47987\/revisions\/47989"}],"wp:featuredmedia":[{"embeddable":true,"href":"https:\/\/zonaroja.com.mx\/index.php?rest_route=\/wp\/v2\/media\/47988"}],"wp:attachment":[{"href":"https:\/\/zonaroja.com.mx\/index.php?rest_route=%2Fwp%2Fv2%2Fmedia&parent=47987"}],"wp:term":[{"taxonomy":"category","embeddable":true,"href":"https:\/\/zonaroja.com.mx\/index.php?rest_route=%2Fwp%2Fv2%2Fcategories&post=47987"},{"taxonomy":"post_tag","embeddable":true,"href":"https:\/\/zonaroja.com.mx\/index.php?rest_route=%2Fwp%2Fv2%2Ftags&post=47987"}],"curies":[{"name":"wp","href":"https:\/\/api.w.org\/{rel}","templated":true}]}}