{"id":47991,"date":"2022-11-13T19:27:14","date_gmt":"2022-11-14T01:27:14","guid":{"rendered":"http:\/\/www.zonaroja.com.mx\/?p=47991"},"modified":"2022-11-13T19:27:15","modified_gmt":"2022-11-14T01:27:15","slug":"detienen-en-nuevo-leon-a-presunto-asesino-de-empresarios-del-transporte","status":"publish","type":"post","link":"https:\/\/zonaroja.com.mx\/?p=47991","title":{"rendered":"Detienen en Nuevo Le\u00f3n a presunto asesino de empresarios del transporte"},"content":{"rendered":"\n<p>Redacci\u00f3n\/Zona Roja.<\/p>\n\n\n\n<p>Oaxaca de Ju\u00e1rez, Oax., a 13 de noviembre de 2022.- Personal de la Fiscal\u00eda General del Estado de Oaxaca ejecut\u00f3 en Nuevo Le\u00f3n una orden de aprehensi\u00f3n en contra de Irving Jes\u00fas C. R., como probable autor del asesinato de un empresario de la l\u00ednea de transportes Fletes y Pasajes S. A. de C. V., y su esposa.<\/p>\n\n\n\n<p>Fue el 8 de diciembre del a\u00f1o 2019 en que Juan O. M. y su esposa Guadalupe Concepci\u00f3n H. M. fueron hallados sin vida en su domicilio ubicado en la segunda calle de J. P. Garc\u00eda, entre Trujano y Las Casas, del Centro Hist\u00f3rico de la ciudad de Oaxaca.<\/p>\n\n\n\n<p>Presuntamente, Irving Jes\u00fas arrib\u00f3 la noche anterior y asesin\u00f3 a balazos al empresario mientras que a la pareja la habr\u00eda estrangulado.<\/p>\n\n\n\n<p>Para ello se habr\u00eda confabulado con una de las nueras del empresario, Luc\u00eda S. C.,a fin de privarlos de la vida para quedarse con la herencia; ella fue detenida el 26 de junio del a\u00f1o 2020 y una semana despu\u00e9s detuvieron a otro probable part\u00edcipe del doble homicidio, Zacar\u00edas Z. L.<\/p>\n\n\n\n<p>El detenido ayer s\u00e1bado fue puesto a disposici\u00f3n de un juez de la causa, quien se prev\u00e9 lo vincule a proceso.<\/p>\n","protected":false},"excerpt":{"rendered":"<p>Redacci\u00f3n\/Zona Roja. Oaxaca de Ju\u00e1rez, Oax., a 13 de noviembre de 2022.- Personal de la&hellip;<\/p>\n","protected":false},"author":2,"featured_media":47992,"comment_status":"closed","ping_status":"open","sticky":false,"template":"","format":"standard","meta":{"_lmt_disableupdate":"","_lmt_disable":"","_jetpack_memberships_contains_paid_content":false,"footnotes":""},"categories":[109,46],"tags":[494],"class_list":["post-47991","post","type-post","status-publish","format-standard","has-post-thumbnail","hentry","category-minuto-a-minuto","category-zona-blanca","tag-fiscalia-general-del-estado-de-oaxaca"],"jetpack_featured_media_url":"https:\/\/zonaroja.com.mx\/wp-content\/uploads\/2022\/11\/Detenido-Irving-Jesus-caso-empresario-Fletes-y-Pasajes.jpg","jetpack_sharing_enabled":true,"_links":{"self":[{"href":"https:\/\/zonaroja.com.mx\/index.php?rest_route=\/wp\/v2\/posts\/47991","targetHints":{"allow":["GET"]}}],"collection":[{"href":"https:\/\/zonaroja.com.mx\/index.php?rest_route=\/wp\/v2\/posts"}],"about":[{"href":"https:\/\/zonaroja.com.mx\/index.php?rest_route=\/wp\/v2\/types\/post"}],"author":[{"embeddable":true,"href":"https:\/\/zonaroja.com.mx\/index.php?rest_route=\/wp\/v2\/users\/2"}],"replies":[{"embeddable":true,"href":"https:\/\/zonaroja.com.mx\/index.php?rest_route=%2Fwp%2Fv2%2Fcomments&post=47991"}],"version-history":[{"count":1,"href":"https:\/\/zonaroja.com.mx\/index.php?rest_route=\/wp\/v2\/posts\/47991\/revisions"}],"predecessor-version":[{"id":47993,"href":"https:\/\/zonaroja.com.mx\/index.php?rest_route=\/wp\/v2\/posts\/47991\/revisions\/47993"}],"wp:featuredmedia":[{"embeddable":true,"href":"https:\/\/zonaroja.com.mx\/index.php?rest_route=\/wp\/v2\/media\/47992"}],"wp:attachment":[{"href":"https:\/\/zonaroja.com.mx\/index.php?rest_route=%2Fwp%2Fv2%2Fmedia&parent=47991"}],"wp:term":[{"taxonomy":"category","embeddable":true,"href":"https:\/\/zonaroja.com.mx\/index.php?rest_route=%2Fwp%2Fv2%2Fcategories&post=47991"},{"taxonomy":"post_tag","embeddable":true,"href":"https:\/\/zonaroja.com.mx\/index.php?rest_route=%2Fwp%2Fv2%2Ftags&post=47991"}],"curies":[{"name":"wp","href":"https:\/\/api.w.org\/{rel}","templated":true}]}}