{"id":47995,"date":"2022-11-13T22:04:53","date_gmt":"2022-11-14T04:04:53","guid":{"rendered":"http:\/\/www.zonaroja.com.mx\/?p=47995"},"modified":"2022-11-13T22:04:54","modified_gmt":"2022-11-14T04:04:54","slug":"por-segundo-ano-mesa-directiva-del-congreso-de-oaxaca-sera-de-mujeres","status":"publish","type":"post","link":"https:\/\/zonaroja.com.mx\/?p=47995","title":{"rendered":"Por segundo a\u00f1o Mesa Directiva del Congreso de Oaxaca ser\u00e1 de mujeres"},"content":{"rendered":"\n<p>Redacci\u00f3n\/Zona Roja.<\/p>\n\n\n\n<p>Oaxaca de Ju\u00e1rez, Oax. 13 de noviembre de 2022.- Integrantes de la 65 Legislatura del Congreso de Oaxaca, eligieron hoy a la Mesa Directiva para el segundo a\u00f1o de ejercicio constitucional.<\/p>\n\n\n\n<p>Durante la sesi\u00f3n del tercer periodo extraordinario, en votaci\u00f3n nominal, el pleno eligi\u00f3 con 34 votos a la diputada M\u00edriam de los \u00c1ngeles V\u00e1zquez Ruiz como presidenta y a la legisladora Nancy Natalia Ben\u00edtez Z\u00e1rate como vicepresidenta.<\/p>\n\n\n\n<p>Asimismo, fueron electas las diputadas Dennis Garc\u00eda Guti\u00e9rrez, Mar\u00eda Luisa Matus Fuentes y Eva Diego Cruz como secretarias.<\/p>\n\n\n\n<p>De igual manera, luego de la solicitud de licencia de Laura Estrada Mauro, rindi\u00f3 protesta Liz Hern\u00e1ndez Matus como integrante de la 65 Legislatura.<\/p>\n\n\n\n<p>La Mesa Directiva saliente tom\u00f3 protesta a este \u00f3rgano legislativo que entrar\u00e1 en funciones el pr\u00f3ximo 15 de noviembre de 2022 y que por segundo a\u00f1o consecutivo est\u00e1 integrado s\u00f3lo por mujeres.<\/p>\n","protected":false},"excerpt":{"rendered":"<p>Redacci\u00f3n\/Zona Roja. Oaxaca de Ju\u00e1rez, Oax. 13 de noviembre de 2022.- Integrantes de la 65&hellip;<\/p>\n","protected":false},"author":2,"featured_media":47996,"comment_status":"closed","ping_status":"open","sticky":false,"template":"","format":"standard","meta":{"_lmt_disableupdate":"","_lmt_disable":"","_jetpack_memberships_contains_paid_content":false,"footnotes":""},"categories":[109,46],"tags":[2743],"class_list":["post-47995","post","type-post","status-publish","format-standard","has-post-thumbnail","hentry","category-minuto-a-minuto","category-zona-blanca","tag-65-legislatura-del-estado-de-oaxaca"],"jetpack_featured_media_url":"https:\/\/zonaroja.com.mx\/wp-content\/uploads\/2022\/11\/Mesa-Directiva-Congreso-Oaxaca.jpeg","jetpack_sharing_enabled":true,"_links":{"self":[{"href":"https:\/\/zonaroja.com.mx\/index.php?rest_route=\/wp\/v2\/posts\/47995","targetHints":{"allow":["GET"]}}],"collection":[{"href":"https:\/\/zonaroja.com.mx\/index.php?rest_route=\/wp\/v2\/posts"}],"about":[{"href":"https:\/\/zonaroja.com.mx\/index.php?rest_route=\/wp\/v2\/types\/post"}],"author":[{"embeddable":true,"href":"https:\/\/zonaroja.com.mx\/index.php?rest_route=\/wp\/v2\/users\/2"}],"replies":[{"embeddable":true,"href":"https:\/\/zonaroja.com.mx\/index.php?rest_route=%2Fwp%2Fv2%2Fcomments&post=47995"}],"version-history":[{"count":1,"href":"https:\/\/zonaroja.com.mx\/index.php?rest_route=\/wp\/v2\/posts\/47995\/revisions"}],"predecessor-version":[{"id":47997,"href":"https:\/\/zonaroja.com.mx\/index.php?rest_route=\/wp\/v2\/posts\/47995\/revisions\/47997"}],"wp:featuredmedia":[{"embeddable":true,"href":"https:\/\/zonaroja.com.mx\/index.php?rest_route=\/wp\/v2\/media\/47996"}],"wp:attachment":[{"href":"https:\/\/zonaroja.com.mx\/index.php?rest_route=%2Fwp%2Fv2%2Fmedia&parent=47995"}],"wp:term":[{"taxonomy":"category","embeddable":true,"href":"https:\/\/zonaroja.com.mx\/index.php?rest_route=%2Fwp%2Fv2%2Fcategories&post=47995"},{"taxonomy":"post_tag","embeddable":true,"href":"https:\/\/zonaroja.com.mx\/index.php?rest_route=%2Fwp%2Fv2%2Ftags&post=47995"}],"curies":[{"name":"wp","href":"https:\/\/api.w.org\/{rel}","templated":true}]}}