{"id":48001,"date":"2022-11-14T07:25:01","date_gmt":"2022-11-14T13:25:01","guid":{"rendered":"http:\/\/www.zonaroja.com.mx\/?p=48001"},"modified":"2022-11-14T07:25:02","modified_gmt":"2022-11-14T13:25:02","slug":"eleccion-de-autoridades-en-oaxaca-deja-tres-personas-asesinadas","status":"publish","type":"post","link":"https:\/\/zonaroja.com.mx\/?p=48001","title":{"rendered":"Elecci\u00f3n de autoridades en Oaxaca deja tres personas asesinadas"},"content":{"rendered":"\n<p>Ismael Garc\u00eda M.\/Zona Roja.<\/p>\n\n\n\n<p>Oaxaca de Ju\u00e1rez, Oax., a 14 de noviembre de 2022.- Tres personas del sexo masculino fueron asesinadas a balazos este domingo en Santiago Jocotepec, en el marco de la elecci\u00f3n de autoridades municipales.<\/p>\n\n\n\n<p>Los cuerpos fueron localizados la madrugada de ayer en un camino de terracer\u00eda de ese municipio perteneciente al distrito de Cho\u00e1pam, en la regi\u00f3n de la Cuenca del Papaloapan.<\/p>\n\n\n\n<p>La v\u00edspera de la elecci\u00f3n por el r\u00e9gimen de Sistemas Normativos Internos (usos y costumbres) en la zona comenzaron cartulinas con amenazas hacia los aspirantes a la presidencia municipal y a quienes incurrieran en la compra de votos.<\/p>\n\n\n\n<p>La madrugada de ayer se registr\u00f3 el ataque armado en contra de varias personas y la \u00fanica v\u00edctima que ha sido identificada es Rigoberto \u201cN\u201d, familiar del candidato ganador Javier Flores.<\/p>\n\n\n\n<p>Hasta el momento la Secretar\u00eda de Seguridad P\u00fablica de Oaxaca no ha dado a conocer los hechos.<\/p>\n","protected":false},"excerpt":{"rendered":"<p>Ismael Garc\u00eda M.\/Zona Roja. Oaxaca de Ju\u00e1rez, Oax., a 14 de noviembre de 2022.- Tres&hellip;<\/p>\n","protected":false},"author":2,"featured_media":33161,"comment_status":"closed","ping_status":"open","sticky":false,"template":"","format":"standard","meta":{"_lmt_disableupdate":"","_lmt_disable":"","_jetpack_memberships_contains_paid_content":false,"footnotes":""},"categories":[109,51],"tags":[2034],"class_list":["post-48001","post","type-post","status-publish","format-standard","has-post-thumbnail","hentry","category-minuto-a-minuto","category-zona-roja","tag-santiago-jocotepec"],"jetpack_featured_media_url":"https:\/\/zonaroja.com.mx\/wp-content\/uploads\/2021\/10\/Santiago-Jocotepec.jpg","jetpack_sharing_enabled":true,"_links":{"self":[{"href":"https:\/\/zonaroja.com.mx\/index.php?rest_route=\/wp\/v2\/posts\/48001","targetHints":{"allow":["GET"]}}],"collection":[{"href":"https:\/\/zonaroja.com.mx\/index.php?rest_route=\/wp\/v2\/posts"}],"about":[{"href":"https:\/\/zonaroja.com.mx\/index.php?rest_route=\/wp\/v2\/types\/post"}],"author":[{"embeddable":true,"href":"https:\/\/zonaroja.com.mx\/index.php?rest_route=\/wp\/v2\/users\/2"}],"replies":[{"embeddable":true,"href":"https:\/\/zonaroja.com.mx\/index.php?rest_route=%2Fwp%2Fv2%2Fcomments&post=48001"}],"version-history":[{"count":1,"href":"https:\/\/zonaroja.com.mx\/index.php?rest_route=\/wp\/v2\/posts\/48001\/revisions"}],"predecessor-version":[{"id":48002,"href":"https:\/\/zonaroja.com.mx\/index.php?rest_route=\/wp\/v2\/posts\/48001\/revisions\/48002"}],"wp:featuredmedia":[{"embeddable":true,"href":"https:\/\/zonaroja.com.mx\/index.php?rest_route=\/wp\/v2\/media\/33161"}],"wp:attachment":[{"href":"https:\/\/zonaroja.com.mx\/index.php?rest_route=%2Fwp%2Fv2%2Fmedia&parent=48001"}],"wp:term":[{"taxonomy":"category","embeddable":true,"href":"https:\/\/zonaroja.com.mx\/index.php?rest_route=%2Fwp%2Fv2%2Fcategories&post=48001"},{"taxonomy":"post_tag","embeddable":true,"href":"https:\/\/zonaroja.com.mx\/index.php?rest_route=%2Fwp%2Fv2%2Ftags&post=48001"}],"curies":[{"name":"wp","href":"https:\/\/api.w.org\/{rel}","templated":true}]}}