{"id":48003,"date":"2022-11-14T11:26:00","date_gmt":"2022-11-14T17:26:00","guid":{"rendered":"http:\/\/www.zonaroja.com.mx\/?p=48003"},"modified":"2022-11-14T08:00:33","modified_gmt":"2022-11-14T14:00:33","slug":"heredan-a-jara-grave-conflicto-entre-yosonama-y-mixtepec-hasta-gn-fue-victima","status":"publish","type":"post","link":"https:\/\/zonaroja.com.mx\/?p=48003","title":{"rendered":"Heredan a Jara grave conflicto entre Yoso\u00f1ama y Mixtepec; hasta GN fue v\u00edctima"},"content":{"rendered":"\n<p>Yuridiana Sosa\/Zona Roja.<\/p>\n\n\n\n<p>Oaxaca de Ju\u00e1rez, Oax., 14 de noviembre de 2022.- La administraci\u00f3n estatal actual, que concluye el 30 de noviembre, fue testigo del registro contin\u00faa de al menos siete enfrentamientos armados entre las poblaciones de Santo Domingo Yoso\u00f1ama y San Juan Mixtepec, que adem\u00e1s de saldos mortales de pobladores registr\u00f3 la retenci\u00f3n de elementos de la Guardia Nacional.<\/p>\n\n\n\n<p>El conflicto agrario de m\u00e1s de 75 a\u00f1os entre las comunidades de la regi\u00f3n Mixteca es una herencia del gobierno de Alejandro Murat, el cual se acentu\u00f3 tras la presunta retenci\u00f3n de cuatro elementos de la Guardia Nacional que fueron emboscados en San Juan Mixtepec, Tlaxiaco el pasado 9 de noviembre, cuando custodiaban la realizaci\u00f3n de una obra en jurisdicci\u00f3n en l\u00edmites con Yoso\u00f1ama.<\/p>\n\n\n\n<p>Sobre el hecho, la organizaci\u00f3n Red Internacional de Ind\u00edgenas Oaxaque\u00f1os (RIIO) \u2014que fund\u00f3 el hoy senador Adolfo G\u00f3mez, quien supli\u00f3 a Salom\u00f3n Jara\u2014 se pronunci\u00f3 contra las acciones registradas en el paraje \u201cTres cruces\u201d que presuntamente cometieron habitantes de Yoso\u00f1ama.<\/p>\n\n\n\n<p>En ese mismo punto, tambi\u00e9n conocido como punto Pemex, se han registrado ataques armados contra habitantes de San Juan Mixtepec.<\/p>\n\n\n\n<p>Existen antecedentes de una molestia de Santo Domingo Yoso\u00f1ama, del municipio de San Juan \u00d1um\u00ed, por la incapacidad de la Guardia Nacional para cuidar la zona en disputa.<\/p>\n\n\n\n<p>En enero de 2021, la organizaci\u00f3n Antorcha Campesina denunci\u00f3 que la Guardia Nacional se declar\u00f3 de forma oficial incompetente para ofrecer la seguridad en la zona en conflicto, se\u00f1al\u00f3 en ese entonces el dirigente Dimas Romero Gonz\u00e1lez.<\/p>\n\n\n\n<p>El dirigente se\u00f1al\u00f3 en conferencia de prensa que, en una reciente reuni\u00f3n con autoridades estatales y federales, les dieron a conocer que la Guardia Nacional \u00fanicamente podr\u00edan realizar rondines una vez a la semana, lo cual gener\u00f3 preocupaci\u00f3n en la poblaci\u00f3n que respaldan, pues registraban la presencia de personas armadas sobre la carretera que conduce a Tezoatl\u00e1n de Segura y Luna.<\/p>\n\n\n\n<p>ENFRENTAMIENTOS<\/p>\n\n\n\n<p>Al menos siete ataques entre Santo Domingo Yoso\u00f1ama y San Juan Mixtepec se han registrado durante el sexenio de Alejandro Murat.<\/p>\n\n\n\n<p>De acuerdo con datos de la organizaci\u00f3n Antorcha Campesina \u2013ofrecidos en conferencias de prensa- la cifra de v\u00edctimas mortales en los \u00faltimos a\u00f1os asciende la docena y unas 35 v\u00edctimas en total.<\/p>\n\n\n\n<p>Entre los m\u00e1s recientes se reportaron el ocurrido el 25 de julio pasado, que dej\u00f3 a un campesino muerto y cinco lesionados. Hecho ocurrido en la comunidad el Sabinillo, n\u00facleo agrario de Santo Domingo Yoso\u00f1ama, hasta donde llegaron personas armadas para atacar, inform\u00f3 Antorcha Campesina.<\/p>\n\n\n\n<p>En abril ocurri\u00f3 uno m\u00e1s en el paraje Nu\u00fa Tende Tikaka en Yoso\u00f1ama, donde muri\u00f3 otro campesino mientras realizaba labores.<\/p>\n\n\n\n<p>Los hechos violentos no cesaron ni durante la pandemia, pues el 5 de octubre de 2020 se report\u00f3 un hecho violento el paraje conocido como \u201cEl Mirador\u201d de&nbsp;Yoso\u00f1ama , el cual dej\u00f3 tres &nbsp;v\u00edctimas mortales y dos heridos para la comunidad de Santo Domingo&nbsp;Yoso\u00f1ama.<\/p>\n\n\n\n<p>En agosto, de ese mismo a\u00f1o, un ciudadano de San Juan Mixtepec fue asesinato en el &nbsp;paraje \u201cTres Cruces\u201d de la carretera que comunica con a la Heroica Ciudad de Tlaxiaco.<\/p>\n\n\n\n<p>Mientras que en junio las comunidades y autoridades de Mixtepec denunciaron la privaci\u00f3n ilegal de uno de sus habitantes por parte de pobladores de Santo Domingo&nbsp;Yoso\u00f1ama, para lo que exigieron la intervenci\u00f3n de la Guardia Nacional y de la Polic\u00eda Estatal.<\/p>\n\n\n\n<p>De acuerdo con datos hemerogr\u00e1ficos, en julio de 2018 se registr\u00f3 el asesinato de dos personas, adem\u00e1s de la incursi\u00f3n de hombres armados a predios de San Juan Mixtepec donde incendiaron viviendas, sin p\u00e9rdidas de vidas humanas.<\/p>\n\n\n\n<p>La poblaci\u00f3n afectada acus\u00f3 a Santo Domingo&nbsp;Yoso\u00f1ama de dichas acciones, as\u00ed como de la masacre de junio de 2017 contra cinco mujeres de Mixtepec que fueron asesinadas e incineradas en una emboscada sobre la carretera que comunica a ese municipio con la Heroica Ciudad de Tlaxiaco, en inmediaciones del paraje Tres Cruces.<\/p>\n\n\n\n<p>Las comunidades disputan la posesi\u00f3n de mil 740 hect\u00e1reas.<\/p>\n","protected":false},"excerpt":{"rendered":"<p>Yuridiana Sosa\/Zona Roja. Oaxaca de Ju\u00e1rez, Oax., 14 de noviembre de 2022.- La administraci\u00f3n estatal&hellip;<\/p>\n","protected":false},"author":2,"featured_media":48004,"comment_status":"closed","ping_status":"open","sticky":false,"template":"","format":"standard","meta":{"_lmt_disableupdate":"","_lmt_disable":"","_jetpack_memberships_contains_paid_content":false,"footnotes":""},"categories":[109,47],"tags":[1768],"class_list":["post-48003","post","type-post","status-publish","format-standard","has-post-thumbnail","hentry","category-minuto-a-minuto","category-zona-gris","tag-san-juan-mixtepec"],"jetpack_featured_media_url":"https:\/\/zonaroja.com.mx\/wp-content\/uploads\/2022\/11\/San-Juan-Mixtepec-1.webp","jetpack_sharing_enabled":true,"_links":{"self":[{"href":"https:\/\/zonaroja.com.mx\/index.php?rest_route=\/wp\/v2\/posts\/48003","targetHints":{"allow":["GET"]}}],"collection":[{"href":"https:\/\/zonaroja.com.mx\/index.php?rest_route=\/wp\/v2\/posts"}],"about":[{"href":"https:\/\/zonaroja.com.mx\/index.php?rest_route=\/wp\/v2\/types\/post"}],"author":[{"embeddable":true,"href":"https:\/\/zonaroja.com.mx\/index.php?rest_route=\/wp\/v2\/users\/2"}],"replies":[{"embeddable":true,"href":"https:\/\/zonaroja.com.mx\/index.php?rest_route=%2Fwp%2Fv2%2Fcomments&post=48003"}],"version-history":[{"count":1,"href":"https:\/\/zonaroja.com.mx\/index.php?rest_route=\/wp\/v2\/posts\/48003\/revisions"}],"predecessor-version":[{"id":48005,"href":"https:\/\/zonaroja.com.mx\/index.php?rest_route=\/wp\/v2\/posts\/48003\/revisions\/48005"}],"wp:featuredmedia":[{"embeddable":true,"href":"https:\/\/zonaroja.com.mx\/index.php?rest_route=\/wp\/v2\/media\/48004"}],"wp:attachment":[{"href":"https:\/\/zonaroja.com.mx\/index.php?rest_route=%2Fwp%2Fv2%2Fmedia&parent=48003"}],"wp:term":[{"taxonomy":"category","embeddable":true,"href":"https:\/\/zonaroja.com.mx\/index.php?rest_route=%2Fwp%2Fv2%2Fcategories&post=48003"},{"taxonomy":"post_tag","embeddable":true,"href":"https:\/\/zonaroja.com.mx\/index.php?rest_route=%2Fwp%2Fv2%2Ftags&post=48003"}],"curies":[{"name":"wp","href":"https:\/\/api.w.org\/{rel}","templated":true}]}}