{"id":48006,"date":"2022-11-14T09:30:00","date_gmt":"2022-11-14T15:30:00","guid":{"rendered":"http:\/\/www.zonaroja.com.mx\/?p=48006"},"modified":"2022-11-14T08:15:08","modified_gmt":"2022-11-14T14:15:08","slug":"agradece-madre-de-jazmin-solidaridad-y-apoyo-de-fiscalia","status":"publish","type":"post","link":"https:\/\/zonaroja.com.mx\/?p=48006","title":{"rendered":"Agradece madre de Jazm\u00edn solidaridad y apoyo de Fiscal\u00eda"},"content":{"rendered":"\n<p>Ismael Garc\u00eda M.\/Zona Roja.<\/p>\n\n\n\n<p>Oaxaca de Ju\u00e1rez, Oax., a 14 de noviembre de 2022.- En la v\u00edspera de una marcha de una asociaci\u00f3n civil, la se\u00f1ora Adriana Aquino, madre de Jazm\u00edn Z. A., agradeci\u00f3 la solidaridad y empat\u00eda de la sociedad, tras el feminicidio de la joven, ocurrido hace ocho d\u00edas:<\/p>\n\n\n\n<p>\u201cComo madre de Jazm\u00edn Z\u00e1rate Aquino, y a nombre de mi nieta Luna Z\u00e1rate Z\u00e1rate, madre, esposo e hijas, quiero agradecer a mis familiares, consuegros, compadres, amigos m\u00edos y de mis hijas, a las organizaciones sociales y a la sociedad en general sus muestras de tanta&nbsp; solidaridad, su apoyo en diferentes formas y su inmenso amor que cada uno de ustedes ha puesto en m\u00ed y en mi familia para superar esta etapa tan dolorosa en nuestra vida.<\/p>\n\n\n\n<p>\u201cAs\u00ed mismo, quiero agradecer a la Fiscal\u00eda del Estado, por la atenci\u00f3n que hemos tenido para el esclarecimiento de hechos\u201d, escribi\u00f3 a trav\u00e9s de su perfil en la red social Facebook.<\/p>\n\n\n\n<p>\u201cConf\u00edo en el Poder Judicial del Estado para que se haga justicia e en este hecho tan monstruoso y cobarde que lleg\u00f3 a quitarle la vida a mi ni\u00f1a hermosa Jaz\u201d, expuso.<\/p>\n\n\n\n<p>Agreg\u00f3:<\/p>\n\n\n\n<p>\u201cMi ni\u00f1a con su partida me deja un profundo dolor en mi coraz\u00f3n, que irremediablemente no podr\u00e9 superar jam\u00e1s y que nunca, nunca, deseo que ninguna madre lo viva.<\/p>\n\n\n\n<p>\u201cPero me deja el aprendizaje que como sociedad algo estamos haciendo mal, que como padres somos tan culpables de que personas asesinas salgan a la calle a arrebatarle la vida a una mujer.<\/p>\n\n\n\n<p>\u201cHoy mi nieta de tan solo cinco a\u00f1os, se queda sin su madre y duele en lo m\u00e1s profundo de mis entra\u00f1as, pero me queda la esperanza que en su carita veo reflejada la sonrisa de su mami, que en&nbsp; su voz se tocan &nbsp; las notas musicales que mi ni\u00f1a entonaba.<\/p>\n\n\n\n<p>\u201cMi ni\u00f1a me ense\u00f1\u00f3 a ser madre y abuela, y tambi\u00e9n a ser un mejor ser humano, me ense\u00f1\u00f3 el amor a los animales, plantas y la ayuda a los dem\u00e1s y sobre todo me ense\u00f1\u00f3 que el amor trasciende dimensiones. Gracias por tanto amor a Jaz\u201d.<\/p>\n\n\n\n<p>El cuerpo de Jazm\u00edn Adriana, originaria de Cuil\u00e1pam de Guerrero, fue localizado la ma\u00f1ana del pasado lunes 7 de julio en un paraje de San Lorenzo Cacaotepec; fue asesinada con arma blanca.<\/p>\n\n\n\n<p>Dos d\u00edas despu\u00e9s, la Fiscal\u00eda General del Estado e instituciones federales detuvieron a una persona, Edmundo \u00c1ngel \u201cN\u201d, como presunto feminicida de la cantante oaxaque\u00f1a.<\/p>\n\n\n\n<p>Para este martes por la ma\u00f1ana, una asociaci\u00f3n civil convoca a una protesta en Ciudad Judicial, en el marco de la audiencia contra el probable asesino, que ser\u00eda vinculado a proceso.<\/p>\n","protected":false},"excerpt":{"rendered":"<p>Ismael Garc\u00eda M.\/Zona Roja. Oaxaca de Ju\u00e1rez, Oax., a 14 de noviembre de 2022.- En&hellip;<\/p>\n","protected":false},"author":2,"featured_media":48007,"comment_status":"closed","ping_status":"open","sticky":false,"template":"","format":"standard","meta":{"_lmt_disableupdate":"","_lmt_disable":"","_jetpack_memberships_contains_paid_content":false,"footnotes":""},"categories":[109,46],"tags":[3308],"class_list":["post-48006","post","type-post","status-publish","format-standard","has-post-thumbnail","hentry","category-minuto-a-minuto","category-zona-blanca","tag-jazmin-zarate-aquino"],"jetpack_featured_media_url":"https:\/\/zonaroja.com.mx\/wp-content\/uploads\/2022\/11\/Jazmin-Alejandra-y-madre-Adri-Aquino.jpg","jetpack_sharing_enabled":true,"_links":{"self":[{"href":"https:\/\/zonaroja.com.mx\/index.php?rest_route=\/wp\/v2\/posts\/48006","targetHints":{"allow":["GET"]}}],"collection":[{"href":"https:\/\/zonaroja.com.mx\/index.php?rest_route=\/wp\/v2\/posts"}],"about":[{"href":"https:\/\/zonaroja.com.mx\/index.php?rest_route=\/wp\/v2\/types\/post"}],"author":[{"embeddable":true,"href":"https:\/\/zonaroja.com.mx\/index.php?rest_route=\/wp\/v2\/users\/2"}],"replies":[{"embeddable":true,"href":"https:\/\/zonaroja.com.mx\/index.php?rest_route=%2Fwp%2Fv2%2Fcomments&post=48006"}],"version-history":[{"count":1,"href":"https:\/\/zonaroja.com.mx\/index.php?rest_route=\/wp\/v2\/posts\/48006\/revisions"}],"predecessor-version":[{"id":48008,"href":"https:\/\/zonaroja.com.mx\/index.php?rest_route=\/wp\/v2\/posts\/48006\/revisions\/48008"}],"wp:featuredmedia":[{"embeddable":true,"href":"https:\/\/zonaroja.com.mx\/index.php?rest_route=\/wp\/v2\/media\/48007"}],"wp:attachment":[{"href":"https:\/\/zonaroja.com.mx\/index.php?rest_route=%2Fwp%2Fv2%2Fmedia&parent=48006"}],"wp:term":[{"taxonomy":"category","embeddable":true,"href":"https:\/\/zonaroja.com.mx\/index.php?rest_route=%2Fwp%2Fv2%2Fcategories&post=48006"},{"taxonomy":"post_tag","embeddable":true,"href":"https:\/\/zonaroja.com.mx\/index.php?rest_route=%2Fwp%2Fv2%2Ftags&post=48006"}],"curies":[{"name":"wp","href":"https:\/\/api.w.org\/{rel}","templated":true}]}}