{"id":48009,"date":"2022-11-14T08:22:07","date_gmt":"2022-11-14T14:22:07","guid":{"rendered":"http:\/\/www.zonaroja.com.mx\/?p=48009"},"modified":"2022-11-14T08:22:08","modified_gmt":"2022-11-14T14:22:08","slug":"averguenzas-a-tu-partido-asi-fue-increpado-alito-moreno-por-ciudadanos-en-una-cafeteria","status":"publish","type":"post","link":"https:\/\/zonaroja.com.mx\/?p=48009","title":{"rendered":"Averg\u00fcenzas a tu partido\u201d; as\u00ed fue increpado Alito Moreno por ciudadanos en una cafeter\u00eda"},"content":{"rendered":"\n<p>Redacci\u00f3n\/Zona Roja Cdmx.<\/p>\n\n\n\n<p>Ciudad de M\u00e9xico, a 14 de noviembre de 2022.- El dirigente nacional del Partido Revolucionario Institucional (PRI), Alejandro Alito Moreno, fue increpado este domingo por ciudadanos furiosos en una cafeter\u00eda tras cuestionar su posicionamiento ante las reformas al Instituto Nacional Electoral (INE).<\/p>\n\n\n\n<p>En redes sociales se difundi\u00f3 el video del momento que vivi\u00f3 esta tarde el priista, quien hizo su primer aparici\u00f3n p\u00fablica en la marcha tras una semana en silencio por el \u00faltimo episodio del Martes del Jaguar presentado por la gobernadora de Campeche, Layda Sansores.<\/p>\n\n\n\n<p>En la grabaci\u00f3n se observa a un par de personas acercarse a la mesa de Alito Moreno para se\u00f1alarle: \u201cEres una verg\u00fcenza. Averg\u00fcenzas a tu partido\u2026 saliste de ah\u00ed a avergonzar a tu partido [&#8230;]. Cuando tiene que salvar su pellejo vota en favor de Morena\u201d.<\/p>\n\n\n\n<p>En la mesa del pol\u00e9mico priista tambi\u00e9n se encontraba Manuel A\u00f1orve y su coordinador en San L\u00e1zaro, Rub\u00e9n Moreira, quienes tras los reclamos se quedaron callados y se limitaron a observar la escena.<\/p>\n\n\n\n<p>En un intento por defenderse Alito Moreno dijo: \u201cEst\u00e1 equivocada, se\u00f1ora. No, no hay nada\u201d. Asimismo, entre la disputa se le escuch\u00f3 un \u201cVamos a defender al INE\u201d.<\/p>\n\n\n\n<p>Cabe recordar que el priista march\u00f3 junto a miles de personas para mostrar su negativa ante la propuesta de reforma del presidente Andr\u00e9s Manuel L\u00f3pez Obrador (AMLO). Estuvo acompa\u00f1ado por Carolina Viggiano, Rub\u00e9n Moreira y Mario Zamora.<\/p>\n\n\n\n<p>A trav\u00e9s de sus redes sociales comparti\u00f3 un video, donde se\u00f1al\u00f3: \u201cAqu\u00ed estamos desde la marcha para la fortaleza de la democracia, la defensa de la democracia y la defensa del INE. Aqu\u00ed est\u00e1 el PRI presente con todas los y las priista y la sociedad civil. \u00a1Venga!\u201d.<\/p>\n\n\n\n<p>(Informaci\u00f3n de Infobae)<\/p>\n","protected":false},"excerpt":{"rendered":"<p>Redacci\u00f3n\/Zona Roja Cdmx. Ciudad de M\u00e9xico, a 14 de noviembre de 2022.- El dirigente nacional&hellip;<\/p>\n","protected":false},"author":2,"featured_media":48010,"comment_status":"closed","ping_status":"open","sticky":false,"template":"","format":"standard","meta":{"_lmt_disableupdate":"","_lmt_disable":"","_jetpack_memberships_contains_paid_content":false,"footnotes":""},"categories":[109,47],"tags":[314],"class_list":["post-48009","post","type-post","status-publish","format-standard","has-post-thumbnail","hentry","category-minuto-a-minuto","category-zona-gris","tag-alejandro-moreno-cardenas"],"jetpack_featured_media_url":"https:\/\/zonaroja.com.mx\/wp-content\/uploads\/2022\/11\/Alejandro-Moreno-increpado-restaurante.webp","jetpack_sharing_enabled":true,"_links":{"self":[{"href":"https:\/\/zonaroja.com.mx\/index.php?rest_route=\/wp\/v2\/posts\/48009","targetHints":{"allow":["GET"]}}],"collection":[{"href":"https:\/\/zonaroja.com.mx\/index.php?rest_route=\/wp\/v2\/posts"}],"about":[{"href":"https:\/\/zonaroja.com.mx\/index.php?rest_route=\/wp\/v2\/types\/post"}],"author":[{"embeddable":true,"href":"https:\/\/zonaroja.com.mx\/index.php?rest_route=\/wp\/v2\/users\/2"}],"replies":[{"embeddable":true,"href":"https:\/\/zonaroja.com.mx\/index.php?rest_route=%2Fwp%2Fv2%2Fcomments&post=48009"}],"version-history":[{"count":1,"href":"https:\/\/zonaroja.com.mx\/index.php?rest_route=\/wp\/v2\/posts\/48009\/revisions"}],"predecessor-version":[{"id":48011,"href":"https:\/\/zonaroja.com.mx\/index.php?rest_route=\/wp\/v2\/posts\/48009\/revisions\/48011"}],"wp:featuredmedia":[{"embeddable":true,"href":"https:\/\/zonaroja.com.mx\/index.php?rest_route=\/wp\/v2\/media\/48010"}],"wp:attachment":[{"href":"https:\/\/zonaroja.com.mx\/index.php?rest_route=%2Fwp%2Fv2%2Fmedia&parent=48009"}],"wp:term":[{"taxonomy":"category","embeddable":true,"href":"https:\/\/zonaroja.com.mx\/index.php?rest_route=%2Fwp%2Fv2%2Fcategories&post=48009"},{"taxonomy":"post_tag","embeddable":true,"href":"https:\/\/zonaroja.com.mx\/index.php?rest_route=%2Fwp%2Fv2%2Ftags&post=48009"}],"curies":[{"name":"wp","href":"https:\/\/api.w.org\/{rel}","templated":true}]}}