{"id":48013,"date":"2022-11-14T15:40:19","date_gmt":"2022-11-14T21:40:19","guid":{"rendered":"http:\/\/www.zonaroja.com.mx\/?p=48013"},"modified":"2022-11-14T15:40:21","modified_gmt":"2022-11-14T21:40:21","slug":"logra-fiscalia-de-oaxaca-sentencia-contra-asesino-del-dirigente-del-fpr","status":"publish","type":"post","link":"https:\/\/zonaroja.com.mx\/?p=48013","title":{"rendered":"Logra Fiscal\u00eda de Oaxaca sentencia contra asesino del dirigente del FPR"},"content":{"rendered":"\n<p>Redacci\u00f3n\/Zona Roja.<\/p>\n\n\n\n<p>Oaxaca de Ju\u00e1rez, Oax., 14 de noviembre de 2022.- La Fiscal\u00eda General del Estado de Oaxaca logr\u00f3 que el Poder Judicial dictara una sentencia condenatoria contra el responsable material del asesinato de Tom\u00e1s Mart\u00ednez, dirigente regional del Frente Popular Revolucionario.<\/p>\n\n\n\n<p>Se trata de Rodolfo S. E., apodado \u201cEl Soyer\u201d, quien el 24 de agosto de 2020 ultim\u00f3 a balazos al hijo del hoy presidente municipal de Miahuatl\u00e1n de Porfirio D\u00edaz.<\/p>\n\n\n\n<p>La Fiscal\u00eda inform\u00f3 que que actualmente se encuentran vinculados a proceso dos hombres identificados por las iniciales G. D. H. R. y E. M. M. C., quienes probablemente tienen alg\u00fan grado de responsabilidad en la comisi\u00f3n de estos delitos.<\/p>\n\n\n\n<p>De acuerdo con la carpeta de investigaci\u00f3n 25943\/FDAI\/UEIH\/2020, el 24 de agosto de 2020, alrededor de las 18:10 horas, el imputado agredi\u00f3 con disparos de arma de fuego a Tom\u00e1s Mart\u00ednez, caus\u00e1ndole la muerte e hiriendo al masculino R. G., en el interior de un negocio ubicado en el referido municipio.<\/p>\n\n\n\n<p>Por estos hechos, la Instituci\u00f3n de procuraci\u00f3n de justicia inici\u00f3 una exhaustiva y diligente investigaci\u00f3n \u2013a trav\u00e9s de la Fiscal\u00eda Especializada en Atenci\u00f3n a Delitos de Alto Impacto-, logrando la aprehensi\u00f3n del autor material en noviembre de 2020, quien posteriormente fue vinculado a proceso.<\/p>\n\n\n\n<p>Respecto a la situaci\u00f3n jur\u00eddica de Rodolfo S. E., en audiencia, el Tribunal de Enjuiciamiento dict\u00f3 fallo condenatorio en su contra, cuya lectura de sentencia se llevar\u00e1 a cabo el pr\u00f3ximo 17 de noviembre de 2022.<\/p>\n\n\n\n<p>La instituci\u00f3n expuso que es una responsabilidad ineludible garantizar justicia y reparaci\u00f3n del da\u00f1o a las v\u00edctimas directas e indirectas de delitos, comprometiendo toda nuestra capacidad Institucional en la resoluci\u00f3n de casos.<\/p>\n","protected":false},"excerpt":{"rendered":"<p>Redacci\u00f3n\/Zona Roja. Oaxaca de Ju\u00e1rez, Oax., 14 de noviembre de 2022.- La Fiscal\u00eda General del&hellip;<\/p>\n","protected":false},"author":2,"featured_media":19911,"comment_status":"closed","ping_status":"open","sticky":false,"template":"","format":"standard","meta":{"_lmt_disableupdate":"","_lmt_disable":"","_jetpack_memberships_contains_paid_content":false,"footnotes":""},"categories":[109,46],"tags":[494],"class_list":["post-48013","post","type-post","status-publish","format-standard","has-post-thumbnail","hentry","category-minuto-a-minuto","category-zona-blanca","tag-fiscalia-general-del-estado-de-oaxaca"],"jetpack_featured_media_url":"https:\/\/zonaroja.com.mx\/wp-content\/uploads\/2020\/11\/Rodolfo-S.-E.-caso-Tomas-Martinez.jpg","jetpack_sharing_enabled":true,"_links":{"self":[{"href":"https:\/\/zonaroja.com.mx\/index.php?rest_route=\/wp\/v2\/posts\/48013","targetHints":{"allow":["GET"]}}],"collection":[{"href":"https:\/\/zonaroja.com.mx\/index.php?rest_route=\/wp\/v2\/posts"}],"about":[{"href":"https:\/\/zonaroja.com.mx\/index.php?rest_route=\/wp\/v2\/types\/post"}],"author":[{"embeddable":true,"href":"https:\/\/zonaroja.com.mx\/index.php?rest_route=\/wp\/v2\/users\/2"}],"replies":[{"embeddable":true,"href":"https:\/\/zonaroja.com.mx\/index.php?rest_route=%2Fwp%2Fv2%2Fcomments&post=48013"}],"version-history":[{"count":1,"href":"https:\/\/zonaroja.com.mx\/index.php?rest_route=\/wp\/v2\/posts\/48013\/revisions"}],"predecessor-version":[{"id":48014,"href":"https:\/\/zonaroja.com.mx\/index.php?rest_route=\/wp\/v2\/posts\/48013\/revisions\/48014"}],"wp:featuredmedia":[{"embeddable":true,"href":"https:\/\/zonaroja.com.mx\/index.php?rest_route=\/wp\/v2\/media\/19911"}],"wp:attachment":[{"href":"https:\/\/zonaroja.com.mx\/index.php?rest_route=%2Fwp%2Fv2%2Fmedia&parent=48013"}],"wp:term":[{"taxonomy":"category","embeddable":true,"href":"https:\/\/zonaroja.com.mx\/index.php?rest_route=%2Fwp%2Fv2%2Fcategories&post=48013"},{"taxonomy":"post_tag","embeddable":true,"href":"https:\/\/zonaroja.com.mx\/index.php?rest_route=%2Fwp%2Fv2%2Ftags&post=48013"}],"curies":[{"name":"wp","href":"https:\/\/api.w.org\/{rel}","templated":true}]}}