{"id":48015,"date":"2022-11-14T15:48:13","date_gmt":"2022-11-14T21:48:13","guid":{"rendered":"http:\/\/www.zonaroja.com.mx\/?p=48015"},"modified":"2022-11-14T15:48:14","modified_gmt":"2022-11-14T21:48:14","slug":"estalla-otra-protesta-vecinal-vs-martinez-neri-por-basura-acumulada","status":"publish","type":"post","link":"https:\/\/zonaroja.com.mx\/?p=48015","title":{"rendered":"Estalla otra protesta vecinal vs. Mart\u00ednez Neri por basura acumulada"},"content":{"rendered":"\n<p>Yuridiana Sosa\/Zona Roja.<\/p>\n\n\n\n<p>Oaxaca de Ju\u00e1rez, Oax., 14 de noviembre de 2022.- La basura en la capital oaxaque\u00f1a ya no cabe, ni en las casas ni en las calles ni en los \u201ctiraderos\u201d temporales habilitados por el ayuntamiento de Oaxaca de Ju\u00e1rez, los cuales siguen generando protestas ciudades por los graves da\u00f1os a la salud y medio ambiente.<\/p>\n\n\n\n<p>A 36 d\u00edas del cierre del basurero municipal en la Villa de Zaachila, vecinos del fraccionamiento Valle Esmeralda y de la agencia de Cinco Se\u00f1ores, se manifestaron con un bloqueo por el \u201ctiradero\u201d habilitado en el predio donde se constru\u00eda el cuartel policial en riberas del r\u00edo \u201cSalado\u201d, de donde se despiden olores intensos que alcanzan la zona habitacional y establecimientos.<\/p>\n\n\n\n<p>Desde temprana hora, para evitar que se siga ocupando ese espacio, los ciudadanos cerraron la carretera del r\u00edo \u201cSalado\u201d y exigieron al gobierno municipal de Francisco Mart\u00ednez Neri el retiro inmediato de los desechos y que se comprometan a no volver a ocupar ese predio como basurero.<\/p>\n\n\n\n<p>Colocaron cuerdas, escombro y pancartas con la leyenda \u00abFuera basurero clandestino\u00bb, \u00abNo queremos su basura\u00bb.<\/p>\n\n\n\n<p>Los vecinos apuntaron que la peste se increment\u00f3 desde la noche del 10 de noviembre luego que se traslad\u00f3 a ese punto la basura que levantaron de la antigua f\u00e1brica de triplay, de donde otro grupo de ciudadanos demand\u00f3 el retiro de basura y clausura de la vieja construcci\u00f3n como centro de transferencia, como hab\u00eda dispuesto el gobierno del estado.<\/p>\n\n\n\n<p>Ahora, y en v\u00edsperas del sexto informe del gobernador Alejandro Murat, habitantes de Valle Esmeralda exigen la misma respuesta al problema, por lo que permanecer\u00e1n en el lugar hasta que se cumpla su demanda.<\/p>\n\n\n\n<figure class=\"wp-block-embed is-type-rich is-provider-twitter wp-block-embed-twitter\"><div class=\"wp-block-embed__wrapper\">\n<div class=\"twitter-tweet\"><blockquote class=\"twitter-tweet\" data-lang=\"es\"><p lang=\"es\" dir=\"ltr\"><a href=\"https:\/\/twitter.com\/hashtag\/ENVIVO?src=hash&amp;ref_src=twsrc%5Etfw\">#ENVIVO<\/a><br>En v\u00edspera del quinto informe del gobernador <a href=\"https:\/\/twitter.com\/alejandromurat?ref_src=twsrc%5Etfw\">@alejandromurat<\/a>, vecinos del fraccionamiento Valle Esmeralda bloquean carretera del r\u00edo \u201cSalado\u201d, para exigir retiro de basura que el edil <a href=\"https:\/\/twitter.com\/FMartinezNeri?ref_src=twsrc%5Etfw\">@FMartinezNeri<\/a> mand\u00f3 a tirar en un predio de obra abandonada.<br>\ud83d\udc47<a href=\"https:\/\/t.co\/5owI27Knmo\">https:\/\/t.co\/5owI27Knmo<\/a> <a href=\"https:\/\/t.co\/Wi1rramED9\">pic.twitter.com\/Wi1rramED9<\/a><\/p>&mdash; Zona Roja Oaxaca (@ZonaRoja_Oaxaca) <a href=\"https:\/\/twitter.com\/ZonaRoja_Oaxaca\/status\/1592190757687132161?ref_src=twsrc%5Etfw\">14 de noviembre de 2022<\/a><\/blockquote><\/div>\n<\/div><\/figure>\n\n\n\n<p>Los habitantes se\u00f1alaron que de forma obligada han aprendido a separar los desechos, sin embargo, el sistema de recolecci\u00f3n por parte del ayuntamiento para esta modalidad no ha funcionado y deben recurrir a servicios particulares para su levantamiento.<\/p>\n\n\n\n<p>Y AYUDA A CATEM<\/p>\n\n\n\n<p>En tanto, el gobierno capitalino trata de remediar el impacto ambiental de la ribera del r\u00edo \u201cAtoyac\u201d iniciado por la organizaci\u00f3n CATEM, que aglutina a decenas de camiones que ofrecen servicios de recolecci\u00f3n privada.<\/p>\n\n\n\n<p>Este lunes, luego de semanas de omisi\u00f3n en el problema, se registraron maniobras para levantar monta\u00f1as de basura a lo largo de la zona del play\u00f3n, frente a la Central de Abasto.<\/p>\n\n\n\n<p>Sobre el destino de esos desechos a\u00fan no informa la autoridad si ser\u00e1n llevados nuevamente al estado de Puebla, luego que el gobernador de la entidad vecina, Miguel Barbosa, manifest\u00f3 que investigar\u00e1 el traslado de desechos de Oaxaca a su entidad, acci\u00f3n que detendr\u00e1.<\/p>\n\n\n\n<p>INUNDACI\u00d3N DE BASURA<\/p>\n\n\n\n<p>Los desechos no dejan de invadir las calles de la capital del estado, desde peque\u00f1os montones, hasta r\u00edos de basura que se han formado, como en la zona norte de la ciudad.<\/p>\n\n\n\n<p>En un recorrido, ZONA ROJA atestigu\u00f3 un tiradero a cielo abierto en zona urbana colindante con la agencia de San Felipe del Agua.<\/p>\n\n\n\n<p>Sobre la calle Lucrecia Toriz permanecen residuos de todo tipo. Bolsas abiertas, hurgadas y rotas, as\u00ed como intentos por ser quemadas, son la huella del desastre que se ha creado ante la falta de un basurero municipal.<\/p>\n\n\n\n<figure class=\"wp-block-embed is-type-rich is-provider-twitter wp-block-embed-twitter\"><div class=\"wp-block-embed__wrapper\">\n<div class=\"twitter-tweet\"><blockquote class=\"twitter-tweet\" data-lang=\"es\"><p lang=\"es\" dir=\"ltr\"><a href=\"https:\/\/twitter.com\/hashtag\/ENVIVO?src=hash&amp;ref_src=twsrc%5Etfw\">#ENVIVO<\/a><br>Oaxaca de Ju\u00e1rez, Oax., a 14 de noviembre de 2022.- Un tiradero a cielo abierto en zona urbana ya se form\u00f3 tambi\u00e9n en la calle Lucrecia Toriz, en la colindancia con la agencia de San Felipe del agua de la ciudad de Oaxaca.<br><br>Transmisi\u00f3n \ud83d\udc47<a href=\"https:\/\/t.co\/a7UnbmUAG0\">https:\/\/t.co\/a7UnbmUAG0<\/a> <a href=\"https:\/\/t.co\/dEr9zndYsN\">pic.twitter.com\/dEr9zndYsN<\/a><\/p>&mdash; Zona Roja Oaxaca (@ZonaRoja_Oaxaca) <a href=\"https:\/\/twitter.com\/ZonaRoja_Oaxaca\/status\/1592261506892271616?ref_src=twsrc%5Etfw\">14 de noviembre de 2022<\/a><\/blockquote><\/div>\n<\/div><\/figure>\n","protected":false},"excerpt":{"rendered":"<p>Yuridiana Sosa\/Zona Roja. Oaxaca de Ju\u00e1rez, Oax., 14 de noviembre de 2022.- La basura en&hellip;<\/p>\n","protected":false},"author":2,"featured_media":48016,"comment_status":"closed","ping_status":"open","sticky":false,"template":"","format":"standard","meta":{"_lmt_disableupdate":"","_lmt_disable":"","_jetpack_memberships_contains_paid_content":false,"footnotes":""},"categories":[109,47],"tags":[2418],"class_list":["post-48015","post","type-post","status-publish","format-standard","has-post-thumbnail","hentry","category-minuto-a-minuto","category-zona-gris","tag-francisco-martinez-neri"],"jetpack_featured_media_url":"https:\/\/zonaroja.com.mx\/wp-content\/uploads\/2022\/11\/Protesta-vecinos-basura-rio-Salado-ciudad-de-Oaxaca.jpg","jetpack_sharing_enabled":true,"_links":{"self":[{"href":"https:\/\/zonaroja.com.mx\/index.php?rest_route=\/wp\/v2\/posts\/48015","targetHints":{"allow":["GET"]}}],"collection":[{"href":"https:\/\/zonaroja.com.mx\/index.php?rest_route=\/wp\/v2\/posts"}],"about":[{"href":"https:\/\/zonaroja.com.mx\/index.php?rest_route=\/wp\/v2\/types\/post"}],"author":[{"embeddable":true,"href":"https:\/\/zonaroja.com.mx\/index.php?rest_route=\/wp\/v2\/users\/2"}],"replies":[{"embeddable":true,"href":"https:\/\/zonaroja.com.mx\/index.php?rest_route=%2Fwp%2Fv2%2Fcomments&post=48015"}],"version-history":[{"count":1,"href":"https:\/\/zonaroja.com.mx\/index.php?rest_route=\/wp\/v2\/posts\/48015\/revisions"}],"predecessor-version":[{"id":48017,"href":"https:\/\/zonaroja.com.mx\/index.php?rest_route=\/wp\/v2\/posts\/48015\/revisions\/48017"}],"wp:featuredmedia":[{"embeddable":true,"href":"https:\/\/zonaroja.com.mx\/index.php?rest_route=\/wp\/v2\/media\/48016"}],"wp:attachment":[{"href":"https:\/\/zonaroja.com.mx\/index.php?rest_route=%2Fwp%2Fv2%2Fmedia&parent=48015"}],"wp:term":[{"taxonomy":"category","embeddable":true,"href":"https:\/\/zonaroja.com.mx\/index.php?rest_route=%2Fwp%2Fv2%2Fcategories&post=48015"},{"taxonomy":"post_tag","embeddable":true,"href":"https:\/\/zonaroja.com.mx\/index.php?rest_route=%2Fwp%2Fv2%2Ftags&post=48015"}],"curies":[{"name":"wp","href":"https:\/\/api.w.org\/{rel}","templated":true}]}}