{"id":48024,"date":"2022-11-14T20:33:11","date_gmt":"2022-11-15T02:33:11","guid":{"rendered":"http:\/\/www.zonaroja.com.mx\/?p=48024"},"modified":"2022-11-14T20:33:15","modified_gmt":"2022-11-15T02:33:15","slug":"crecen-protestas-en-vispera-del-sexto-informe-de-gobierno-cercan-congreso","status":"publish","type":"post","link":"https:\/\/zonaroja.com.mx\/?p=48024","title":{"rendered":"Crecen protestas en v\u00edspera del sexto informe de gobierno; cercan Congreso"},"content":{"rendered":"\n<p>Yuridiana Sosa\/Zona Roja.<\/p>\n\n\n\n<p>Oaxaca de Ju\u00e1rez, Oax., 14 de noviembre de 2022.- Organizaciones y ciudadanos iniciaron una jornada de protesta en v\u00edsperas del sexto informe de gobierno de Alejandro Murat.<\/p>\n\n\n\n<p>Campamentos y bloqueos carreteros son parte de las manifestaciones de inconformidad por incumplimiento a sus demandas.<\/p>\n\n\n\n<p>Con dos d\u00edas de antelaci\u00f3n, la organizaci\u00f3n Consejo Ind\u00edgena Popular de Oaxaca \u201cRicardo Flores Mag\u00f3n\u201d (CIPO-RFM) lleg\u00f3 al exterior de la sede del Poder Legislativo, en San Raymundo Jalpam, para montar un campamento e impedir la sesi\u00f3n de la 64 Legislatura en la que se recibir\u00e1 el informe, programada para este 15 de noviembre.<\/p>\n\n\n\n<p>Desde el domingo, las calles que rodean los principales accesos al recinto fueron \u201ctomadas\u201d; colocaron carpas para albergar a cientos de inconformes que arribaron listos con maletas para aguantar la jornada; los ba\u00f1os port\u00e1tiles no faltaron.<\/p>\n\n\n\n<p>El n\u00famero de manifestantes creci\u00f3 este lunes con la llegada del Movimiento de Unificaci\u00f3n y Lucha Triqui (MULT).<\/p>\n\n\n\n<p>La protesta, argumentaron, es por incumplimiento de obras y de justicia social para las diferentes comunidades que representan; as\u00ed como de justicia penal para los integrantes asesinados.<\/p>\n\n\n\n<p>Ante la presencia del nutrido contingente, al que se prev\u00e9 la suma de otros grupos sociales, los diputados de la 64 Legislatura analizan el cambio de sede para recibir el \u00faltimo informe de gobierno de Murat Hinojosa, quien por su parte, emitir\u00e1 su mensaje hasta el pr\u00f3ximo 18 de noviembre en el Centro Cultural \u201c\u00c1lvaro Carrillo\u201d de la capital.<\/p>\n\n\n\n<figure class=\"wp-block-embed is-type-rich is-provider-twitter wp-block-embed-twitter\"><div class=\"wp-block-embed__wrapper\">\n<div class=\"twitter-tweet\"><blockquote class=\"twitter-tweet\" data-lang=\"es\"><p lang=\"es\" dir=\"ltr\"><a href=\"https:\/\/twitter.com\/hashtag\/%C3%9AltimoMinuto?src=hash&amp;ref_src=twsrc%5Etfw\">#\u00daltimoMinuto<\/a> <br>Se incrementan las protestas a un d\u00eda de la entrega del sexto informe del gobernador <a href=\"https:\/\/twitter.com\/alejandromurat?ref_src=twsrc%5Etfw\">@alejandromurat<\/a>.<br>A la sede del <a href=\"https:\/\/twitter.com\/CongresoOaxaca_?ref_src=twsrc%5Etfw\">@CongresoOaxaca_<\/a> llegan m\u00e1s organizaciones sociales, incluso con letrinas, para permanecer varios d\u00edas. <br>Analizan diputados cambiar sede de sesi\u00f3n. <a href=\"https:\/\/t.co\/guSXUC68Eu\">pic.twitter.com\/guSXUC68Eu<\/a><\/p>&mdash; Zona Roja Oaxaca (@ZonaRoja_Oaxaca) <a href=\"https:\/\/twitter.com\/ZonaRoja_Oaxaca\/status\/1592232863659065346?ref_src=twsrc%5Etfw\">14 de noviembre de 2022<\/a><\/blockquote><\/div>\n<\/div><\/figure>\n\n\n\n<p>LOS BLOQUEOS<\/p>\n\n\n\n<p>Por otra parte, damnificados con los sismos de 2017, de la regi\u00f3n del Istmo, protestaron este lunes frente a Palacio de Gobierno, en el z\u00f3calo de Oaxaca, para denunciar el incumplimiento del gobierno estatal en la entrega de apoyos correspondientes al desastre natural y anunciar bloqueos.<\/p>\n\n\n\n<p>Representantes de los habitantes afectados se\u00f1alaron que el gobierno del estado s\u00f3lo los enga\u00f1\u00f3 con la firma de acuerdos para el pago de los recursos, postergando este a\u00f1o hasta en tres ocasiones la fecha.<\/p>\n\n\n\n<p>El apoyo a favor de m\u00e1s de mil familias se entregar\u00eda, supuestamente, tras las elecciones de junio, despu\u00e9s fijaron fecha para octubre y luego dijeron que durante la primera semana de noviembre, pero no han tenido ninguna respuesta al paso de la fecha establecida.<\/p>\n\n\n\n<p>Por lo anterior, ciudadanos afectados acordaron en una reuni\u00f3n de este domingo retornar el 15 de noviembre el bloqueo sobre la Carretera Federal 190 Oaxaca-Istmo, en inmediaciones del distribuidor vial \u00abEl Caracol\u00bb de Tehuantepec.<\/p>\n\n\n\n<p>OTRAS PROTESTAS<\/p>\n\n\n\n<p>Por otra parte, el sector restaurantero de Oaxaca tambi\u00e9n inform\u00f3 que sigue vigente la deuda por servicios otorgados a la Secretar\u00eda de Salud de Oaxaca durante la pandemia.<\/p>\n\n\n\n<p>Diferentes proveedores de la Secretar\u00eda de Salud dar\u00e1n detalles de la situaci\u00f3n actual el pr\u00f3ximo mi\u00e9rcoles, pues a\u00fan no hay atenci\u00f3n de los todav\u00eda funcionarios de esa dependencia, adem\u00e1s analizan protestas durante el informe de Murat Hinojosa.\u00a0<\/p>\n\n\n\n<p>En oficinas de gobierno ubicadas en Ciudad Judicial, arrib\u00f3 otro contingente de inconformes, por lo que por la ma\u00f1ana tuvieron que desalojar el inmueble; la protesta contin\u00faa esta noche.<\/p>\n\n\n\n<p>Tambi\u00e9n sigue el bloqueo a la carretera en la ribera del r\u00edo \u00abSalado\u00bb, por parte de colonos inconformes con el tiradero que cre\u00f3 el ayuntamiento de Oaxaca de Ju\u00e1rez en su zona.<\/p>\n","protected":false},"excerpt":{"rendered":"<p>Yuridiana Sosa\/Zona Roja. Oaxaca de Ju\u00e1rez, Oax., 14 de noviembre de 2022.- Organizaciones y ciudadanos&hellip;<\/p>\n","protected":false},"author":2,"featured_media":48025,"comment_status":"closed","ping_status":"open","sticky":false,"template":"","format":"standard","meta":{"_lmt_disableupdate":"","_lmt_disable":"","_jetpack_memberships_contains_paid_content":false,"footnotes":""},"categories":[109,47],"tags":[2264],"class_list":["post-48024","post","type-post","status-publish","format-standard","has-post-thumbnail","hentry","category-minuto-a-minuto","category-zona-gris","tag-bloqueos-y-protestas-oaxaca"],"jetpack_featured_media_url":"https:\/\/zonaroja.com.mx\/wp-content\/uploads\/2022\/11\/Bloqueos-Congreso-Oaxaca.jpg","jetpack_sharing_enabled":true,"_links":{"self":[{"href":"https:\/\/zonaroja.com.mx\/index.php?rest_route=\/wp\/v2\/posts\/48024","targetHints":{"allow":["GET"]}}],"collection":[{"href":"https:\/\/zonaroja.com.mx\/index.php?rest_route=\/wp\/v2\/posts"}],"about":[{"href":"https:\/\/zonaroja.com.mx\/index.php?rest_route=\/wp\/v2\/types\/post"}],"author":[{"embeddable":true,"href":"https:\/\/zonaroja.com.mx\/index.php?rest_route=\/wp\/v2\/users\/2"}],"replies":[{"embeddable":true,"href":"https:\/\/zonaroja.com.mx\/index.php?rest_route=%2Fwp%2Fv2%2Fcomments&post=48024"}],"version-history":[{"count":1,"href":"https:\/\/zonaroja.com.mx\/index.php?rest_route=\/wp\/v2\/posts\/48024\/revisions"}],"predecessor-version":[{"id":48026,"href":"https:\/\/zonaroja.com.mx\/index.php?rest_route=\/wp\/v2\/posts\/48024\/revisions\/48026"}],"wp:featuredmedia":[{"embeddable":true,"href":"https:\/\/zonaroja.com.mx\/index.php?rest_route=\/wp\/v2\/media\/48025"}],"wp:attachment":[{"href":"https:\/\/zonaroja.com.mx\/index.php?rest_route=%2Fwp%2Fv2%2Fmedia&parent=48024"}],"wp:term":[{"taxonomy":"category","embeddable":true,"href":"https:\/\/zonaroja.com.mx\/index.php?rest_route=%2Fwp%2Fv2%2Fcategories&post=48024"},{"taxonomy":"post_tag","embeddable":true,"href":"https:\/\/zonaroja.com.mx\/index.php?rest_route=%2Fwp%2Fv2%2Ftags&post=48024"}],"curies":[{"name":"wp","href":"https:\/\/api.w.org\/{rel}","templated":true}]}}