{"id":48027,"date":"2022-11-14T21:50:27","date_gmt":"2022-11-15T03:50:27","guid":{"rendered":"http:\/\/www.zonaroja.com.mx\/?p=48027"},"modified":"2022-11-14T21:50:29","modified_gmt":"2022-11-15T03:50:29","slug":"registra-oaxaca-el-asesinato-de-tres-personas-en-menos-de-24-horas","status":"publish","type":"post","link":"https:\/\/zonaroja.com.mx\/?p=48027","title":{"rendered":"Registra Oaxaca el asesinato de tres personas en menos de 24 horas"},"content":{"rendered":"\n<p>Redacci\u00f3n\/Zona Roja.<\/p>\n\n\n\n<p>Oaxaca de Ju\u00e1rez, Oax., a 14 de noviembre de 2022.- En menos de 24 horas, tres personas, entre ellas un adolescente, fueron asesinados en el estado de Oaxaca.<\/p>\n\n\n\n<p>La tarde de este lunes en Miahuatl\u00e1n de Porfirio D\u00edaz fue ejecutada una persona del sexo masculino, mientras transitaba con su unidad de motor en la tercera calle de Zaragoza, barrio de San Francisco.<\/p>\n\n\n\n<p>Sujetos armados le dispararon, tras lo cual fueron; la v\u00edctima a\u00fan no ha sido identificada.<\/p>\n\n\n\n<p>Mientras que la ma\u00f1ana de hoy en la calle Emiliano Zapata de la localidad de Reforma, del municipio de San Juan Bautista Tuxtepec, un individuo fue asesinado con arma blanca.<\/p>\n\n\n\n<p>El hoy occiso fue identificado como Rufino Esp\u00eddola; elementos policiacos lograron detener al probable autor del homicidio.<\/p>\n\n\n\n<p>En tanto que anoche, un adolescente de 17 a\u00f1os de edad fue asesinado a balazos en la localidad de Los Pocitos, perteneciente a Santiago Pinotepa Nacional.<\/p>\n\n\n\n<p>La v\u00edctima fue atacada en el interior de su domicilio y a\u00fan se desconocen los motivos de la agresi\u00f3n armada, as\u00ed como el o los autores del homicidio doloso.<\/p>\n","protected":false},"excerpt":{"rendered":"<p>Redacci\u00f3n\/Zona Roja. Oaxaca de Ju\u00e1rez, Oax., a 14 de noviembre de 2022.- En menos de&hellip;<\/p>\n","protected":false},"author":2,"featured_media":7486,"comment_status":"closed","ping_status":"open","sticky":false,"template":"","format":"standard","meta":{"_lmt_disableupdate":"","_lmt_disable":"","_jetpack_memberships_contains_paid_content":false,"footnotes":""},"categories":[109,51],"tags":[916],"class_list":["post-48027","post","type-post","status-publish","format-standard","has-post-thumbnail","hentry","category-minuto-a-minuto","category-zona-roja","tag-pinotepa-nacional"],"jetpack_featured_media_url":"https:\/\/zonaroja.com.mx\/wp-content\/uploads\/2020\/01\/Escena-del-crimen7.jpg","jetpack_sharing_enabled":true,"_links":{"self":[{"href":"https:\/\/zonaroja.com.mx\/index.php?rest_route=\/wp\/v2\/posts\/48027","targetHints":{"allow":["GET"]}}],"collection":[{"href":"https:\/\/zonaroja.com.mx\/index.php?rest_route=\/wp\/v2\/posts"}],"about":[{"href":"https:\/\/zonaroja.com.mx\/index.php?rest_route=\/wp\/v2\/types\/post"}],"author":[{"embeddable":true,"href":"https:\/\/zonaroja.com.mx\/index.php?rest_route=\/wp\/v2\/users\/2"}],"replies":[{"embeddable":true,"href":"https:\/\/zonaroja.com.mx\/index.php?rest_route=%2Fwp%2Fv2%2Fcomments&post=48027"}],"version-history":[{"count":1,"href":"https:\/\/zonaroja.com.mx\/index.php?rest_route=\/wp\/v2\/posts\/48027\/revisions"}],"predecessor-version":[{"id":48028,"href":"https:\/\/zonaroja.com.mx\/index.php?rest_route=\/wp\/v2\/posts\/48027\/revisions\/48028"}],"wp:featuredmedia":[{"embeddable":true,"href":"https:\/\/zonaroja.com.mx\/index.php?rest_route=\/wp\/v2\/media\/7486"}],"wp:attachment":[{"href":"https:\/\/zonaroja.com.mx\/index.php?rest_route=%2Fwp%2Fv2%2Fmedia&parent=48027"}],"wp:term":[{"taxonomy":"category","embeddable":true,"href":"https:\/\/zonaroja.com.mx\/index.php?rest_route=%2Fwp%2Fv2%2Fcategories&post=48027"},{"taxonomy":"post_tag","embeddable":true,"href":"https:\/\/zonaroja.com.mx\/index.php?rest_route=%2Fwp%2Fv2%2Ftags&post=48027"}],"curies":[{"name":"wp","href":"https:\/\/api.w.org\/{rel}","templated":true}]}}