{"id":48032,"date":"2022-11-15T10:38:00","date_gmt":"2022-11-15T16:38:00","guid":{"rendered":"http:\/\/www.zonaroja.com.mx\/?p=48032"},"modified":"2022-11-15T06:41:02","modified_gmt":"2022-11-15T12:41:02","slug":"asociacion-civil-pacto-convoca-a-ayudar-a-desprotegidos-en-navidad","status":"publish","type":"post","link":"https:\/\/zonaroja.com.mx\/?p=48032","title":{"rendered":"Asociaci\u00f3n civil PACTO convoca a ayudar a desprotegidos en Navidad"},"content":{"rendered":"\n<p>Redacci\u00f3n\/Zona Roja.<\/p>\n\n\n\n<p>Oaxaca de Ju\u00e1rez, Oax., a 15 de noviembre de 2022.- C\u00f3mo cada a\u00f1o, la Fundaci\u00f3n Proyecto de Asociaci\u00f3n y Comunicaci\u00f3n del Territorio de Oaxaca (PACTO) invita a formar parte de las acciones sociales que han emprendido desde hace tres a\u00f1os.&nbsp;<\/p>\n\n\n\n<p>Su objetivo es mejorar el bienestar de la sociedad oaxaque\u00f1a a trav\u00e9s de tres ejes: recuperaci\u00f3n de espacios p\u00fablicos, medio ambiente y derechos humanos.&nbsp;<\/p>\n\n\n\n<p>Este a\u00f1o, la intenci\u00f3n de PACTO es donar canastas navide\u00f1as a las familias de San Francisco Teopan, municipio ubicado en la regi\u00f3n Mixteca de Oaxaca.<\/p>\n\n\n\n<p>Lo anterior porque de acuerdo con datos del Coneval, el 99.3 por ciento de su poblaci\u00f3n vive en situaci\u00f3n de pobreza, adem\u00e1s de ser el municipio con el porcentaje m\u00e1s alto en el estado con carencia por acceso a la alimentaci\u00f3n, con un 74.75% en este rubro .<\/p>\n\n\n\n<p>Dichas canastas navide\u00f1as se conforman de los 40 productos que integran la canasta b\u00e1sica, fundamentalmente alimentos; es por ello, que solicitan el apoyo de las y los ciudadanos.<\/p>\n\n\n\n<p>Para contribuir a esta causa donando canastas navide\u00f1as contacta a PACTO a trav\u00e9s de:<\/p>\n\n\n\n<p>Tel\u00e9fono: 951 380 1697<\/p>\n\n\n\n<p>Facebook: PACTO Oaxaca&nbsp;<\/p>\n\n\n\n<p>Instagram: pactooaxaca<\/p>\n","protected":false},"excerpt":{"rendered":"<p>Redacci\u00f3n\/Zona Roja. Oaxaca de Ju\u00e1rez, Oax., a 15 de noviembre de 2022.- C\u00f3mo cada a\u00f1o,&hellip;<\/p>\n","protected":false},"author":2,"featured_media":48033,"comment_status":"closed","ping_status":"open","sticky":false,"template":"","format":"standard","meta":{"_lmt_disableupdate":"","_lmt_disable":"","_jetpack_memberships_contains_paid_content":false,"footnotes":""},"categories":[109,46],"tags":[3314],"class_list":["post-48032","post","type-post","status-publish","format-standard","has-post-thumbnail","hentry","category-minuto-a-minuto","category-zona-blanca","tag-pacto-oaxaca"],"jetpack_featured_media_url":"https:\/\/zonaroja.com.mx\/wp-content\/uploads\/2022\/11\/Asociacion-civil-PACTO.jpg","jetpack_sharing_enabled":true,"_links":{"self":[{"href":"https:\/\/zonaroja.com.mx\/index.php?rest_route=\/wp\/v2\/posts\/48032","targetHints":{"allow":["GET"]}}],"collection":[{"href":"https:\/\/zonaroja.com.mx\/index.php?rest_route=\/wp\/v2\/posts"}],"about":[{"href":"https:\/\/zonaroja.com.mx\/index.php?rest_route=\/wp\/v2\/types\/post"}],"author":[{"embeddable":true,"href":"https:\/\/zonaroja.com.mx\/index.php?rest_route=\/wp\/v2\/users\/2"}],"replies":[{"embeddable":true,"href":"https:\/\/zonaroja.com.mx\/index.php?rest_route=%2Fwp%2Fv2%2Fcomments&post=48032"}],"version-history":[{"count":1,"href":"https:\/\/zonaroja.com.mx\/index.php?rest_route=\/wp\/v2\/posts\/48032\/revisions"}],"predecessor-version":[{"id":48034,"href":"https:\/\/zonaroja.com.mx\/index.php?rest_route=\/wp\/v2\/posts\/48032\/revisions\/48034"}],"wp:featuredmedia":[{"embeddable":true,"href":"https:\/\/zonaroja.com.mx\/index.php?rest_route=\/wp\/v2\/media\/48033"}],"wp:attachment":[{"href":"https:\/\/zonaroja.com.mx\/index.php?rest_route=%2Fwp%2Fv2%2Fmedia&parent=48032"}],"wp:term":[{"taxonomy":"category","embeddable":true,"href":"https:\/\/zonaroja.com.mx\/index.php?rest_route=%2Fwp%2Fv2%2Fcategories&post=48032"},{"taxonomy":"post_tag","embeddable":true,"href":"https:\/\/zonaroja.com.mx\/index.php?rest_route=%2Fwp%2Fv2%2Ftags&post=48032"}],"curies":[{"name":"wp","href":"https:\/\/api.w.org\/{rel}","templated":true}]}}