{"id":48035,"date":"2022-11-15T06:44:11","date_gmt":"2022-11-15T12:44:11","guid":{"rendered":"http:\/\/www.zonaroja.com.mx\/?p=48035"},"modified":"2022-11-15T06:44:12","modified_gmt":"2022-11-15T12:44:12","slug":"invita-poder-judicial-a-conferencia-sobre-nueva-etapa-de-la-jurisprudencia","status":"publish","type":"post","link":"https:\/\/zonaroja.com.mx\/?p=48035","title":{"rendered":"Invita Poder Judicial a conferencia sobre nueva etapa de la Jurisprudencia"},"content":{"rendered":"\n<p>Redacci\u00f3n\/Zona Roja.<\/p>\n\n\n\n<p>Oaxaca de Ju\u00e1rez, Oax., a 15 de noviembre de 2022.- El Poder Judicial del Estado de Oaxaca en colaboraci\u00f3n con la Suprema Corte de Justicia de la Naci\u00f3n&nbsp;(SCJN), invitan&nbsp;a la conferencia magistral \u201cUnd\u00e9cima \u00c9poca, la nueva etapa de la Jurisprudencia\u201d, que impartir\u00e1 el pr\u00f3ximo jueves 17 de noviembre, el doctor Ricardo Sep\u00falveda&nbsp;Igu\u00edniz, como parte de las actividades de capacitaci\u00f3n y actualizaci\u00f3n que se realizan conjuntamente&nbsp;con el m\u00e1ximo tribunal del pa\u00eds.&nbsp;<\/p>\n\n\n\n<p>El ponente&nbsp;y&nbsp;director general de la Coordinaci\u00f3n de Compilaci\u00f3n y Sistematizaci\u00f3n de Tesis de la Suprema Corte de Justicia de la Naci\u00f3n,&nbsp;es&nbsp;Doctor&nbsp;en Derecho&nbsp;Constitucional y&nbsp;maestro por la Universidad Panamericana, abogado por la Universidad Libre de Derecho, con especialidad en Derechos Humanos por la Universidad de Nottingham, Inglaterra.&nbsp;<\/p>\n\n\n\n<p>Ha publicado&nbsp;los&nbsp;libros: \u201cLas Leyes Org\u00e1nicas Constitucionales, hacia una&nbsp;nueva constitucionalidad para M\u00e9xico, Derecho Parlamentario Constitucional&nbsp;Mexicano\u201d y \u201cPor la Voluntad hacia la Libertad\u201d, y participado en la coautor\u00eda de:&nbsp;\u201cPara Entender la Constituci\u00f3n, El Derecho desde&nbsp;sus Disciplinas y la&nbsp;Supremac\u00eda Constitucional\u201d.<\/p>\n\n\n\n<p>En&nbsp;su ponencia&nbsp;abordar\u00e1&nbsp;aspectos&nbsp;de&nbsp;la&nbsp;reforma constitucional en materia de justicia federal realizada en 2021,&nbsp;principalmente&nbsp;el efecto e impacto que tiene en el quehacer en la impartici\u00f3n de justicia, ya que es&nbsp;considerada como la m\u00e1s relevante al Sistema de Jurisprudencia en la historia de la Suprema Corte de Justicia de la Naci\u00f3n.<\/p>\n\n\n\n<p>La conferencia magistral se realizar\u00e1 en el auditorio \u201cBenito Ju\u00e1rez\u201d del edificio de los Juzgados Civiles y Familiares del Centro, en el Barrio del Ex Marquesado, a partir de las 12:00 horas. Asimismo, se transmitir\u00e1 v\u00eda Facebook Live&nbsp;por lo cual podr\u00e1 seguirse a trav\u00e9s de las redes sociales de la instituci\u00f3n, en Facebook:&nbsp;Tribunal Superior de Justicia de Oaxaca y en&nbsp;Twitter@tsjoaxaca.<\/p>\n\n\n\n<p>En el inter\u00e9s de fortalecer la profesionalizaci\u00f3n del personal judicial como son&nbsp;juezas, jueces, Magistrados y Magistradas, secretarias y secretarios de acuerdos y de estudio y cuenta, entre otros, as\u00ed como el foro de abogados, el Poder Judicial de Oaxaca mantiene lazos de colaboraci\u00f3n acad\u00e9mica con la Suprema Corte de Justicia de la Naci\u00f3n.<\/p>\n","protected":false},"excerpt":{"rendered":"<p>Redacci\u00f3n\/Zona Roja. Oaxaca de Ju\u00e1rez, Oax., a 15 de noviembre de 2022.- El Poder Judicial&hellip;<\/p>\n","protected":false},"author":2,"featured_media":48036,"comment_status":"closed","ping_status":"open","sticky":false,"template":"","format":"standard","meta":{"_lmt_disableupdate":"","_lmt_disable":"","_jetpack_memberships_contains_paid_content":false,"footnotes":""},"categories":[109,47],"tags":[223],"class_list":["post-48035","post","type-post","status-publish","format-standard","has-post-thumbnail","hentry","category-minuto-a-minuto","category-zona-gris","tag-poder-judicial-de-oaxaca"],"jetpack_featured_media_url":"https:\/\/zonaroja.com.mx\/wp-content\/uploads\/2022\/11\/El-reconocido-jurista-fue-invitado-por-el-Poder-Judicial-del-Estado.jpg","jetpack_sharing_enabled":true,"_links":{"self":[{"href":"https:\/\/zonaroja.com.mx\/index.php?rest_route=\/wp\/v2\/posts\/48035","targetHints":{"allow":["GET"]}}],"collection":[{"href":"https:\/\/zonaroja.com.mx\/index.php?rest_route=\/wp\/v2\/posts"}],"about":[{"href":"https:\/\/zonaroja.com.mx\/index.php?rest_route=\/wp\/v2\/types\/post"}],"author":[{"embeddable":true,"href":"https:\/\/zonaroja.com.mx\/index.php?rest_route=\/wp\/v2\/users\/2"}],"replies":[{"embeddable":true,"href":"https:\/\/zonaroja.com.mx\/index.php?rest_route=%2Fwp%2Fv2%2Fcomments&post=48035"}],"version-history":[{"count":1,"href":"https:\/\/zonaroja.com.mx\/index.php?rest_route=\/wp\/v2\/posts\/48035\/revisions"}],"predecessor-version":[{"id":48037,"href":"https:\/\/zonaroja.com.mx\/index.php?rest_route=\/wp\/v2\/posts\/48035\/revisions\/48037"}],"wp:featuredmedia":[{"embeddable":true,"href":"https:\/\/zonaroja.com.mx\/index.php?rest_route=\/wp\/v2\/media\/48036"}],"wp:attachment":[{"href":"https:\/\/zonaroja.com.mx\/index.php?rest_route=%2Fwp%2Fv2%2Fmedia&parent=48035"}],"wp:term":[{"taxonomy":"category","embeddable":true,"href":"https:\/\/zonaroja.com.mx\/index.php?rest_route=%2Fwp%2Fv2%2Fcategories&post=48035"},{"taxonomy":"post_tag","embeddable":true,"href":"https:\/\/zonaroja.com.mx\/index.php?rest_route=%2Fwp%2Fv2%2Ftags&post=48035"}],"curies":[{"name":"wp","href":"https:\/\/api.w.org\/{rel}","templated":true}]}}