{"id":48038,"date":"2022-11-15T09:56:00","date_gmt":"2022-11-15T15:56:00","guid":{"rendered":"http:\/\/www.zonaroja.com.mx\/?p=48038"},"modified":"2022-11-15T07:03:09","modified_gmt":"2022-11-15T13:03:09","slug":"apoya-santa-lucia-del-camino-construccion-de-comedor-en-escuela-primaria","status":"publish","type":"post","link":"https:\/\/zonaroja.com.mx\/?p=48038","title":{"rendered":"Apoya Santa Luc\u00eda del Camino construcci\u00f3n de comedor en escuela primaria"},"content":{"rendered":"\n<p>Redacci\u00f3n\/Zona Roja.<\/p>\n\n\n\n<p>Oaxaca de Ju\u00e1rez, Oax., a 15 de noviembre de 2022.- El ayuntamiento de Santa Luc\u00eda del Camino trabaja para mejorar las condiciones que potencien el aprovechamiento acad\u00e9mico de ni\u00f1as y ni\u00f1os del municipio.&nbsp;<\/p>\n\n\n\n<p>Es por ello que el presidente municipal Juan Carlos Garc\u00eda M\u00e1rquez anunci\u00f3 el inicio de la construcci\u00f3n del comedor escolar, bodega y servicios, en beneficio de la comunidad estudiantil de la escuela primaria \u201cJosefa Ortiz Dom\u00ednguez\u201d.<\/p>\n\n\n\n<p>Con un monto superior a los 500 mil pesos, esta instituci\u00f3n educativa contar\u00e1 con un espacio digno para que las y los estudiantes puedan consumir sus alimentos, incluyendo un \u00e1rea de mesas y cocina, a la vez que servir\u00e1 para asegurar una alimentaci\u00f3n adecuada para el aprovechamiento acad\u00e9mico.<\/p>\n\n\n\n<p>\u201cEste recurso es dinero que se asigna para este tipo de actividades, pero que no se ejecutaba como debiera, o simplemente desaparec\u00eda de las arcas municipales\u201d, dijo Juan Carlos Garc\u00eda M\u00e1rquez, quien asegur\u00f3 que el recurso otorgado al municipio de Santa Luc\u00eda del Camino correspondiente al Ramo 33, se est\u00e1 utilizando de manera equitativa y transparente en todas las colonias y barrios; prueba de ello, es la inversi\u00f3n que recibir\u00e1 la primaria \u201cJosefa Ortiz Dom\u00ednguez\u201d.<\/p>\n\n\n\n<p>Por su parte, Marcos Felipe Santiago Gonz\u00e1lez, director de esta instituci\u00f3n, agradeci\u00f3 a la administraci\u00f3n de Juan Carlos Garc\u00eda M\u00e1rquez, para atender las necesidades que presenta la escuela primaria desde el a\u00f1o 2014, y que en gobiernos anteriores fueron olvidadas y rezagadas, afectando as\u00ed al estudiantado.<\/p>\n\n\n\n<p>\u201cSiempre enjuici\u00e9 a los presidentes municipales anteriores dici\u00e9ndoles qu\u00e9 f\u00e1cil es agarrar del dinero destinado para la educaci\u00f3n, para obras o para asuntos pol\u00edticos; pero veo que esta vez la situaci\u00f3n est\u00e1 cambiando, da un giro totalmente diferente\u201d, expuso Marcos Felipe Santiago Gonz\u00e1lez.<\/p>\n\n\n\n<figure class=\"wp-block-embed is-type-rich is-provider-twitter wp-block-embed-twitter\"><div class=\"wp-block-embed__wrapper\">\n<div class=\"twitter-tweet\"><blockquote class=\"twitter-tweet\" data-lang=\"es\"><p lang=\"es\" dir=\"ltr\">Con el apoyo del <a href=\"https:\/\/twitter.com\/SantaLucia_Ayto?ref_src=twsrc%5Etfw\">@SantaLucia_Ayto<\/a> que encabeza el edil <a href=\"https:\/\/twitter.com\/JC_GMarquez?ref_src=twsrc%5Etfw\">@JC_GMarquez<\/a>, la escuela primaria \u201cJosefa Ortiz de Dom\u00ednguez\u201d tendr\u00e1 una cafeter\u00eda, que con un esfuerzo presupuestal pudo destinar m\u00e1s de 500 mil pesos del Ramo 33,para apoyar en el fortalecimiento acad\u00e9mico de ni\u00f1as y ni\u00f1os. <a href=\"https:\/\/t.co\/GA5mR4NKMw\">pic.twitter.com\/GA5mR4NKMw<\/a><\/p>&mdash; Zona Roja Oaxaca (@ZonaRoja_Oaxaca) <a href=\"https:\/\/twitter.com\/ZonaRoja_Oaxaca\/status\/1592317834738425856?ref_src=twsrc%5Etfw\">15 de noviembre de 2022<\/a><\/blockquote><\/div>\n<\/div><\/figure>\n","protected":false},"excerpt":{"rendered":"<p>Redacci\u00f3n\/Zona Roja. Oaxaca de Ju\u00e1rez, Oax., a 15 de noviembre de 2022.- El ayuntamiento de&hellip;<\/p>\n","protected":false},"author":2,"featured_media":48043,"comment_status":"closed","ping_status":"open","sticky":false,"template":"","format":"standard","meta":{"_lmt_disableupdate":"","_lmt_disable":"","_jetpack_memberships_contains_paid_content":false,"footnotes":""},"categories":[109,46],"tags":[337],"class_list":["post-48038","post","type-post","status-publish","format-standard","has-post-thumbnail","hentry","category-minuto-a-minuto","category-zona-blanca","tag-santa-lucia-del-camino"],"jetpack_featured_media_url":"https:\/\/zonaroja.com.mx\/wp-content\/uploads\/2022\/11\/Obra-escuela-Santa-Lucia-del-Camino-Juan-Carlos-Garcia.jpeg","jetpack_sharing_enabled":true,"_links":{"self":[{"href":"https:\/\/zonaroja.com.mx\/index.php?rest_route=\/wp\/v2\/posts\/48038","targetHints":{"allow":["GET"]}}],"collection":[{"href":"https:\/\/zonaroja.com.mx\/index.php?rest_route=\/wp\/v2\/posts"}],"about":[{"href":"https:\/\/zonaroja.com.mx\/index.php?rest_route=\/wp\/v2\/types\/post"}],"author":[{"embeddable":true,"href":"https:\/\/zonaroja.com.mx\/index.php?rest_route=\/wp\/v2\/users\/2"}],"replies":[{"embeddable":true,"href":"https:\/\/zonaroja.com.mx\/index.php?rest_route=%2Fwp%2Fv2%2Fcomments&post=48038"}],"version-history":[{"count":1,"href":"https:\/\/zonaroja.com.mx\/index.php?rest_route=\/wp\/v2\/posts\/48038\/revisions"}],"predecessor-version":[{"id":48044,"href":"https:\/\/zonaroja.com.mx\/index.php?rest_route=\/wp\/v2\/posts\/48038\/revisions\/48044"}],"wp:featuredmedia":[{"embeddable":true,"href":"https:\/\/zonaroja.com.mx\/index.php?rest_route=\/wp\/v2\/media\/48043"}],"wp:attachment":[{"href":"https:\/\/zonaroja.com.mx\/index.php?rest_route=%2Fwp%2Fv2%2Fmedia&parent=48038"}],"wp:term":[{"taxonomy":"category","embeddable":true,"href":"https:\/\/zonaroja.com.mx\/index.php?rest_route=%2Fwp%2Fv2%2Fcategories&post=48038"},{"taxonomy":"post_tag","embeddable":true,"href":"https:\/\/zonaroja.com.mx\/index.php?rest_route=%2Fwp%2Fv2%2Ftags&post=48038"}],"curies":[{"name":"wp","href":"https:\/\/api.w.org\/{rel}","templated":true}]}}