{"id":48045,"date":"2022-11-15T07:30:07","date_gmt":"2022-11-15T13:30:07","guid":{"rendered":"http:\/\/www.zonaroja.com.mx\/?p=48045"},"modified":"2022-11-15T07:30:08","modified_gmt":"2022-11-15T13:30:08","slug":"era-militante-del-pan-y-oficial-del-registro-civil-el-asesinado-en-miahuatlan","status":"publish","type":"post","link":"https:\/\/zonaroja.com.mx\/?p=48045","title":{"rendered":"Era militante del PAN y oficial del Registro Civil el asesinado en Miahuatl\u00e1n"},"content":{"rendered":"\n<p>Redacci\u00f3n\/Zona Roja.<\/p>\n\n\n\n<p>Oaxaca de Ju\u00e1rez, Oax., a 15 de noviembre de 2022.- A seis ascendi\u00f3 el n\u00famero de personas asesinadas en Oaxaca en un lapso de 24 horas.<\/p>\n\n\n\n<p>El m\u00e1s reciente crimen se perpetr\u00f3 este lunes por la tarde en Miahuatl\u00e1n de Porfirio D\u00edaz, en que fue ejecutado un individuo en c\u00e9ntricas calles del municipio.<\/p>\n\n\n\n<p>La v\u00edctima fue identificada como Abraham Santiago J. R., quien era dirigente municipal del Partido Acci\u00f3n Nacional (PAN) y oficial de la Direcci\u00f3n del Registro Civil.<\/p>\n\n\n\n<p>Fue baleado cuando circulaba en su veh\u00edculo marca Nissan, tipo Tsuru, con placas de circulaci\u00f3n TLT-9175.<\/p>\n\n\n\n<p>Otros homicidios dolosos se registraron ayer en Santiago Pinotepa Nacional, donde fue ultimado un adolescente, y en la comunidad de La Reforma, de San Juan Bautista Tuxtepec, donde mataron a machetazos a un individuo.<\/p>\n\n\n\n<p>Por otra parte, la Fiscal\u00eda General del Estado de Oaxaca confirm\u00f3 el asesinato de tres personas, por disparos de arma de fuego, en el municipio de Santiago Jocotepec, ocurrido el domingo por la madrugada.<\/p>\n\n\n\n<p>En un comunicado, inform\u00f3 que dio inicio a la carpeta de investigaci\u00f3n 39096\/FCUE\/TUXTEPEC\/2022, por el delito de homicidio en agravio de tres personas del sexo masculino.<\/p>\n\n\n\n<p>Indic\u00f3 que el pasado 13 de noviembre del a\u00f1o en curso, reportes polic\u00edacos informaron la existencia de tres cuerpos sin vida en dos ranchos ubicados sobre la carretera Ayotzintepec-San Antonio Las Palmas. Las v\u00edctimas presentaban heridas por impactos de arma de fuego.De forma inmediata, la Vicefiscal\u00eda Regional de la Cuenca atrajo el caso y despleg\u00f3 a su personal multidisciplinario, consistente en Agentes Estatales de Investigaci\u00f3n (AEI), Peritos y Agentes del Ministerio P\u00fablico, a fin de intervenir en el lugar de los hechos para realizar las diligencias correspondientes, adem\u00e1s de realizar el levantamiento de los cuerpos. &nbsp;<\/p>\n","protected":false},"excerpt":{"rendered":"<p>Redacci\u00f3n\/Zona Roja. Oaxaca de Ju\u00e1rez, Oax., a 15 de noviembre de 2022.- A seis ascendi\u00f3&hellip;<\/p>\n","protected":false},"author":2,"featured_media":48046,"comment_status":"closed","ping_status":"open","sticky":false,"template":"","format":"standard","meta":{"_lmt_disableupdate":"","_lmt_disable":"","_jetpack_memberships_contains_paid_content":false,"footnotes":""},"categories":[109,51],"tags":[169],"class_list":["post-48045","post","type-post","status-publish","format-standard","has-post-thumbnail","hentry","category-minuto-a-minuto","category-zona-roja","tag-miahuatlan-de-porfirio-diaz"],"jetpack_featured_media_url":"https:\/\/zonaroja.com.mx\/wp-content\/uploads\/2022\/11\/Asesinado-Miahuatlan-de-Porfirio-Diaz.jpg","jetpack_sharing_enabled":true,"_links":{"self":[{"href":"https:\/\/zonaroja.com.mx\/index.php?rest_route=\/wp\/v2\/posts\/48045","targetHints":{"allow":["GET"]}}],"collection":[{"href":"https:\/\/zonaroja.com.mx\/index.php?rest_route=\/wp\/v2\/posts"}],"about":[{"href":"https:\/\/zonaroja.com.mx\/index.php?rest_route=\/wp\/v2\/types\/post"}],"author":[{"embeddable":true,"href":"https:\/\/zonaroja.com.mx\/index.php?rest_route=\/wp\/v2\/users\/2"}],"replies":[{"embeddable":true,"href":"https:\/\/zonaroja.com.mx\/index.php?rest_route=%2Fwp%2Fv2%2Fcomments&post=48045"}],"version-history":[{"count":1,"href":"https:\/\/zonaroja.com.mx\/index.php?rest_route=\/wp\/v2\/posts\/48045\/revisions"}],"predecessor-version":[{"id":48047,"href":"https:\/\/zonaroja.com.mx\/index.php?rest_route=\/wp\/v2\/posts\/48045\/revisions\/48047"}],"wp:featuredmedia":[{"embeddable":true,"href":"https:\/\/zonaroja.com.mx\/index.php?rest_route=\/wp\/v2\/media\/48046"}],"wp:attachment":[{"href":"https:\/\/zonaroja.com.mx\/index.php?rest_route=%2Fwp%2Fv2%2Fmedia&parent=48045"}],"wp:term":[{"taxonomy":"category","embeddable":true,"href":"https:\/\/zonaroja.com.mx\/index.php?rest_route=%2Fwp%2Fv2%2Fcategories&post=48045"},{"taxonomy":"post_tag","embeddable":true,"href":"https:\/\/zonaroja.com.mx\/index.php?rest_route=%2Fwp%2Fv2%2Ftags&post=48045"}],"curies":[{"name":"wp","href":"https:\/\/api.w.org\/{rel}","templated":true}]}}