{"id":4805,"date":"2019-10-13T19:39:01","date_gmt":"2019-10-14T00:39:01","guid":{"rendered":"http:\/\/www.zonaroja.com.mx\/?p=4805"},"modified":"2019-10-13T19:39:04","modified_gmt":"2019-10-14T00:39:04","slug":"proponen-modificar-ley-de-defensoria-para-evitar-confusion-entre-competencias","status":"publish","type":"post","link":"https:\/\/zonaroja.com.mx\/?p=4805","title":{"rendered":"Proponen modificar ley de Defensor\u00eda para evitar confusi\u00f3n entre competencias"},"content":{"rendered":"\n<p>Redacci\u00f3n\/Zona Roja.<\/p>\n\n\n\n<p>Oaxaca de Ju\u00e1rez, Oax., 13 de octubre\nde 2019.- La diputada local por Morena, Magaly L\u00f3pez Dom\u00ednguez, propuso la\niniciativa con proyecto de decreto que deroga el art\u00edculo 43 de la Ley de la\nDefensor\u00eda de los Derechos Humanos del Pueblo de Oaxaca (DDHPO), con el fin de\nevitar la posibilidad de confusi\u00f3n entre las competencias de dicho organismo.<\/p>\n\n\n\n<p>En su exposici\u00f3n de motivos, explic\u00f3\nque en su actual redacci\u00f3n, los art\u00edculos 42 y 43 de la citada ley, podr\u00edan\ngenerar confusi\u00f3n en torno a las competencias del organismo constitucional\naut\u00f3nomo y las posibles defensor\u00edas municipales de derechos humanos que sean\ninstaladas en las diferentes localidades de la entidad, que incluso podr\u00edan\nconocer y resolver casos que se presenten en su jurisdicci\u00f3n. <\/p>\n\n\n\n<p>L\u00f3pez Dom\u00ednguez detall\u00f3 que el art\u00edculo\n42 confiere a los ayuntamientos la facultad de establecer defensor\u00edas\nmunicipales, con aparentemente las mismas funciones de la DDHPO en torno a la\ndefensa, protecci\u00f3n, promoci\u00f3n, estudio y divulgaci\u00f3n de los derechos humanos,\nas\u00ed como la prevenci\u00f3n, atenci\u00f3n y erradicaci\u00f3n de la discriminaci\u00f3n y la\nviolencia que sufren las personas.<\/p>\n\n\n\n<p>Sin embargo, \u00e9stas no se rigen por el\nprincipio de autonom\u00eda &#8211;a diferencia del \u00f3rgano estatal que por ley est\u00e1\nobligada a ser un ente p\u00fablico con personalidad jur\u00eddica y patrimonio propio&#8211;,\nsituaci\u00f3n que dejar\u00eda en la indefensi\u00f3n a cualquier persona v\u00edctima de\nviolaciones a derechos humanos atribuidas a servidores p\u00fablicos municipales que\npresenten su queja ya dif\u00edcilmente su propia autoridad les sancionar\u00eda. <\/p>\n\n\n\n<p>\u201cEl planteamiento en el sentido de que\nlos municipios pueden crear organismos con capacidad de conocer y resolver\ncasos de violaciones a derechos humanos se torna un desprop\u00f3sito, pues sin\nestatuto de autonom\u00eda esos organismos locales depender\u00e1n t\u00e9cnica, organizativa\ny administrativamente del ayuntamiento y de las autoridades en turno, lo que\nformalmente no sucede en el caso de la Defensor\u00eda de los Derechos Humanos del\nPueblo de Oaxaca\u201d, dijo.<\/p>\n\n\n\n<p>As\u00ed mismo, argument\u00f3 que las garant\u00edas\nde independencia y pluralismo son uno de los elementos puntales de los considerados\nen los principios relativos al Estatuto y Funcionamiento de las Instituciones\nNacionales de Protecci\u00f3n y Promoci\u00f3n de los Derechos Humanos, instrumento que\nsirve de base y referencia para los organismos de Estado aut\u00f3nomos defensores\nde derechos humanos.<\/p>\n\n\n\n<p>Por lo anterior, insisti\u00f3 en la\nderogaci\u00f3n del art\u00edculo 43 de la Ley de la Defensor\u00eda de los Derechos Humanos\ndel Pueblo de Oaxaca, a fin de que sean \u00f3rganos aut\u00f3nomos los que puedan\nresolver las quejas de la ciudadan\u00eda que siente vulnerados sus derechos,\niniciativa que fue turnada a comisiones.<\/p>\n","protected":false},"excerpt":{"rendered":"<p>Redacci\u00f3n\/Zona Roja. Oaxaca de Ju\u00e1rez, Oax., 13 de octubre de 2019.- La diputada local por&hellip;<\/p>\n","protected":false},"author":2,"featured_media":3918,"comment_status":"closed","ping_status":"open","sticky":false,"template":"","format":"standard","meta":{"_lmt_disableupdate":"","_lmt_disable":"","_jetpack_memberships_contains_paid_content":false,"footnotes":""},"categories":[109,46],"tags":[286,192],"class_list":["post-4805","post","type-post","status-publish","format-standard","has-post-thumbnail","hentry","category-minuto-a-minuto","category-zona-blanca","tag-defensoria-de-los-derechos-humanos-del-pueblo-de-oaxaca","tag-diputada-magaly-lopez-dominguez"],"jetpack_featured_media_url":"https:\/\/zonaroja.com.mx\/wp-content\/uploads\/2019\/09\/PHOTO-2019-09-11-23-49-06.jpg","jetpack_sharing_enabled":true,"_links":{"self":[{"href":"https:\/\/zonaroja.com.mx\/index.php?rest_route=\/wp\/v2\/posts\/4805","targetHints":{"allow":["GET"]}}],"collection":[{"href":"https:\/\/zonaroja.com.mx\/index.php?rest_route=\/wp\/v2\/posts"}],"about":[{"href":"https:\/\/zonaroja.com.mx\/index.php?rest_route=\/wp\/v2\/types\/post"}],"author":[{"embeddable":true,"href":"https:\/\/zonaroja.com.mx\/index.php?rest_route=\/wp\/v2\/users\/2"}],"replies":[{"embeddable":true,"href":"https:\/\/zonaroja.com.mx\/index.php?rest_route=%2Fwp%2Fv2%2Fcomments&post=4805"}],"version-history":[{"count":1,"href":"https:\/\/zonaroja.com.mx\/index.php?rest_route=\/wp\/v2\/posts\/4805\/revisions"}],"predecessor-version":[{"id":4806,"href":"https:\/\/zonaroja.com.mx\/index.php?rest_route=\/wp\/v2\/posts\/4805\/revisions\/4806"}],"wp:featuredmedia":[{"embeddable":true,"href":"https:\/\/zonaroja.com.mx\/index.php?rest_route=\/wp\/v2\/media\/3918"}],"wp:attachment":[{"href":"https:\/\/zonaroja.com.mx\/index.php?rest_route=%2Fwp%2Fv2%2Fmedia&parent=4805"}],"wp:term":[{"taxonomy":"category","embeddable":true,"href":"https:\/\/zonaroja.com.mx\/index.php?rest_route=%2Fwp%2Fv2%2Fcategories&post=4805"},{"taxonomy":"post_tag","embeddable":true,"href":"https:\/\/zonaroja.com.mx\/index.php?rest_route=%2Fwp%2Fv2%2Ftags&post=4805"}],"curies":[{"name":"wp","href":"https:\/\/api.w.org\/{rel}","templated":true}]}}