{"id":48060,"date":"2022-11-15T15:38:19","date_gmt":"2022-11-15T21:38:19","guid":{"rendered":"http:\/\/www.zonaroja.com.mx\/?p=48060"},"modified":"2022-11-15T15:38:22","modified_gmt":"2022-11-15T21:38:22","slug":"edil-de-miahuatlan-militante-del-fpr-cometio-violencia-politica-por-razon-de-genero","status":"publish","type":"post","link":"https:\/\/zonaroja.com.mx\/?p=48060","title":{"rendered":"Edil de Miahuatl\u00e1n, militante del FPR, cometi\u00f3 violencia pol\u00edtica por raz\u00f3n de g\u00e9nero"},"content":{"rendered":"\n<p>Redacci\u00f3n\/Zona Roja.<\/p>\n\n\n\n<p>Oaxaca de Ju\u00e1rez, Oax., a 15 de noviembre de 2022.- El presidente municipal de Miahuatl\u00e1n de Porfirio D\u00edaz, Jos\u00e9 Alberto Mart\u00ednez Luna, cometi\u00f3 violencia pol\u00edtica por raz\u00f3n de g\u00e9nero, confirm\u00f3 hoy el Tribunal Electoral del Estado de Oaxaca.<\/p>\n\n\n\n<p>El edil es militante del Frente Popular Revolucionario (FPR), hijo de Tom\u00e1s Mart\u00ednez, asesinado en la zona metropolitana de la capital, y gan\u00f3 la contienda por el Partido Unidad Popular.<\/p>\n\n\n\n<p>De acuerdo con un comunicado del TEEO, tambi\u00e9n est\u00e1n se\u00f1alados de violentar los derechos de una concejal, el director de Obras y la directora de Infraestructura y Servicios Municipales de esa localidad.<\/p>\n\n\n\n<p>Por unanimidad, el pleno del Tribunal aprob\u00f3 la sentencia del juicio ciudadano identificado con clave: JDC\/647\/2022, \u201cla cual tuvo por fundados los agravios expuestos por la actora (Xitlalli Garc\u00eda Silva), relativos a la obstrucci\u00f3n a su cargo, as\u00ed como, los actos y omisiones que invisibilizaron su funci\u00f3n como concejal\u201d.<\/p>\n\n\n\n<p>El presidente municipal de Miahuatl\u00e1n, advierte esta resoluci\u00f3n, fue omiso ante las manifestaciones de la actora, realizadas en sesi\u00f3n de cabildo de 24 de febrero, respecto a las acciones realizadas en su contra por el director de Obras y la directora de Infraestructura y Servicios Municipales.<\/p>\n\n\n\n<p>El Tribunal se\u00f1al\u00f3 que los funcionarios municipales no justificaron las razones por las que dispusieron del material de oficina que ten\u00eda la concejal a su cargo en su despacho, as\u00ed como, del sellado de la puerta de acceso de dicha oficina con las direcciones.<\/p>\n\n\n\n<p>Estos hechos, agreg\u00f3, limitaron las facultades de inspecci\u00f3n y vigilancia de la actora, la cual est\u00e1 establecida en la Ley Org\u00e1nica Municipal.<\/p>\n\n\n\n<p>En consecuencia, el Pleno del TEEO restituy\u00f3 a la concejal sus derechos pol\u00edticos electorales vulnerados, y determin\u00f3 hacer del conocimiento sobre este asunto al Congreso del Estado, para los efectos legales correspondientes.<\/p>\n","protected":false},"excerpt":{"rendered":"<p>Redacci\u00f3n\/Zona Roja. Oaxaca de Ju\u00e1rez, Oax., a 15 de noviembre de 2022.- El presidente municipal&hellip;<\/p>\n","protected":false},"author":2,"featured_media":41325,"comment_status":"closed","ping_status":"open","sticky":false,"template":"","format":"standard","meta":{"_lmt_disableupdate":"","_lmt_disable":"","_jetpack_memberships_contains_paid_content":false,"footnotes":""},"categories":[109,47],"tags":[3139,169],"class_list":["post-48060","post","type-post","status-publish","format-standard","has-post-thumbnail","hentry","category-minuto-a-minuto","category-zona-gris","tag-jose-alberto-martinez-luna","tag-miahuatlan-de-porfirio-diaz"],"jetpack_featured_media_url":"https:\/\/zonaroja.com.mx\/wp-content\/uploads\/2022\/05\/Jose-Alberto-Martinez-Luna-Miahuatlan.jpg","jetpack_sharing_enabled":true,"_links":{"self":[{"href":"https:\/\/zonaroja.com.mx\/index.php?rest_route=\/wp\/v2\/posts\/48060","targetHints":{"allow":["GET"]}}],"collection":[{"href":"https:\/\/zonaroja.com.mx\/index.php?rest_route=\/wp\/v2\/posts"}],"about":[{"href":"https:\/\/zonaroja.com.mx\/index.php?rest_route=\/wp\/v2\/types\/post"}],"author":[{"embeddable":true,"href":"https:\/\/zonaroja.com.mx\/index.php?rest_route=\/wp\/v2\/users\/2"}],"replies":[{"embeddable":true,"href":"https:\/\/zonaroja.com.mx\/index.php?rest_route=%2Fwp%2Fv2%2Fcomments&post=48060"}],"version-history":[{"count":1,"href":"https:\/\/zonaroja.com.mx\/index.php?rest_route=\/wp\/v2\/posts\/48060\/revisions"}],"predecessor-version":[{"id":48061,"href":"https:\/\/zonaroja.com.mx\/index.php?rest_route=\/wp\/v2\/posts\/48060\/revisions\/48061"}],"wp:featuredmedia":[{"embeddable":true,"href":"https:\/\/zonaroja.com.mx\/index.php?rest_route=\/wp\/v2\/media\/41325"}],"wp:attachment":[{"href":"https:\/\/zonaroja.com.mx\/index.php?rest_route=%2Fwp%2Fv2%2Fmedia&parent=48060"}],"wp:term":[{"taxonomy":"category","embeddable":true,"href":"https:\/\/zonaroja.com.mx\/index.php?rest_route=%2Fwp%2Fv2%2Fcategories&post=48060"},{"taxonomy":"post_tag","embeddable":true,"href":"https:\/\/zonaroja.com.mx\/index.php?rest_route=%2Fwp%2Fv2%2Ftags&post=48060"}],"curies":[{"name":"wp","href":"https:\/\/api.w.org\/{rel}","templated":true}]}}