{"id":48062,"date":"2022-11-15T20:18:57","date_gmt":"2022-11-16T02:18:57","guid":{"rendered":"http:\/\/www.zonaroja.com.mx\/?p=48062"},"modified":"2022-11-15T20:19:00","modified_gmt":"2022-11-16T02:19:00","slug":"protestas-amargan-al-gobernador-entrega-recepcion-de-sexto-informe-en-congreso","status":"publish","type":"post","link":"https:\/\/zonaroja.com.mx\/?p=48062","title":{"rendered":"Protestas amargan al gobernador entrega- recepci\u00f3n de sexto informe en Congreso"},"content":{"rendered":"\n<p>Yuridiana Sosa\/Zona Roja.<\/p>\n\n\n\n<p>Oaxaca de Ju\u00e1rez, Oax., 15 de noviembre de 2022.- El cerco de organizaciones sociales a la sede del Congreso de Oaxaca impidi\u00f3 la celebraci\u00f3n de la entrega del sexto informe del gobierno estatal desde la sede oficial legislativa, obligando a ambos poderes del Estado a cumplir el mandato en sitio alterno.<\/p>\n\n\n\n<p>El Consejo Ind\u00edgena Popular de Oaxaca \u201cRicardo Flores Mag\u00f3n\u201d (CIPO-RFM) que lleg\u00f3 al exterior del la sede del Legislativo desde el domingo, y el Movimiento de Unificaci\u00f3n y Lucha Triqui (MULT), que se integr\u00f3 a la protesta este lunes, lograron el boicot a las formas tradicionales y oficiales para la entrega-recepci\u00f3n del \u00faltimo reporte de actividades de gobierno de Alejandro Murat.<\/p>\n\n\n\n<p>Sin la presencia del mandatario estatal, la 65 Legislatura y la Secretar\u00eda General de Gobierno (Segego) burlaron, s\u00f3lo por minutos, la protesta del CIPO para cumplir con lo ordenado por la ley, sin embargo, una vez confirmado el cambio de sede la organizaci\u00f3n de moviliz\u00f3 a calle de Alcal\u00e1 802, en el Centro Hist\u00f3rico de la capital, para expresar su inconformidad, causando temor y la evacuaci\u00f3n inmediata de los asistentes al lugar.<\/p>\n\n\n\n<p>Casi a escondidas y sin la presidenta de la Mesa Directiva, M\u00edriam de los \u00c1ngeles V\u00e1squez, la Diputaci\u00f3n Permanente sesion\u00f3 para clausurar el segundo periodo del primer a\u00f1o del ejercicio legal de la 65 Legislatura, y tambi\u00e9n para recibir del titular de la Segego, Francisco Garc\u00eda, el reporte de actividades de gobierno.<\/p>\n\n\n\n<p>Mientras que el gobernador Alejandro Murat \u00a0ni en Oaxaca estuvo, pues asisti\u00f3 esta ma\u00f1ana a Palacio Nacional a invitaci\u00f3n del presidente Andr\u00e9s Manuel L\u00f3pez Obrador para participar, junto a gobernadores y trabajadores, en la 113 Asamblea General del Instituto Mexicano del Seguro Social (IMSS).<\/p>\n\n\n\n<figure class=\"wp-block-embed is-type-rich is-provider-twitter wp-block-embed-twitter\"><div class=\"wp-block-embed__wrapper\">\n<div class=\"twitter-tweet\"><blockquote class=\"twitter-tweet\" data-lang=\"es\"><p lang=\"es\" dir=\"ltr\"><a href=\"https:\/\/twitter.com\/hashtag\/ENVIVO?src=hash&amp;ref_src=twsrc%5Etfw\">#ENVIVO<\/a> <br>San Raymundo Jalpan, Oax., a 15 de noviembre de 2022.- Boicotea la organizaci\u00f3n CIPO sesi\u00f3n del <a href=\"https:\/\/twitter.com\/CongresoOaxaca_?ref_src=twsrc%5Etfw\">@CongresoOaxaca_<\/a> para la entrega del sexto informe del gobernador <a href=\"https:\/\/twitter.com\/alejandromurat?ref_src=twsrc%5Etfw\">@alejandromurat<\/a>. No hay informaci\u00f3n oficial de cambio de sede. <br>\ud83d\udc47 Transmisi\u00f3n <a href=\"https:\/\/t.co\/5xt067MFmF\">https:\/\/t.co\/5xt067MFmF<\/a> <a href=\"https:\/\/t.co\/J9AhxsuX4n\">pic.twitter.com\/J9AhxsuX4n<\/a><\/p>&mdash; Zona Roja Oaxaca (@ZonaRoja_Oaxaca) <a href=\"https:\/\/twitter.com\/ZonaRoja_Oaxaca\/status\/1592556516137373696?ref_src=twsrc%5Etfw\">15 de noviembre de 2022<\/a><\/blockquote><\/div>\n<\/div><\/figure>\n\n\n\n<p>M\u00c1S PROTESTAS<\/p>\n\n\n\n<p>La entrega del sexto informe de gobierno no s\u00f3lo se opac\u00f3 por la protesta en el Congreso Local, ni en la sede alterna, tambi\u00e9n se registraron manifestaciones en &nbsp;Ciudad Administrativa y Judicial por ciudadanos y autoridades, as\u00ed como en la regi\u00f3n del Istmo<\/p>\n\n\n\n<p>En Ciudad Judicial, en Reyes Mantec\u00f3n, un grupo de ciudadanos se manifest\u00f3 para exigir justicia por el feminicidio de Jazm\u00edn, mientras que, en Ciudad Administrativa, en Tlalixtac de Cabrera, la presencia de un grupo de personas de Telixtlahuaca caus\u00f3 el desalojo emergente de los trabajadores del complejo.<\/p>\n\n\n\n<p>En tanto, trabajadores sindicalizados del IOCIFED \u201ctomaron\u201d la dependencia estatal para exigir el pago retroactivo de quinquenios y por la falta de insumos sanitarios y hasta de agua.<\/p>\n\n\n\n<p>En la regi\u00f3n del Istmo, ciudadanos afectados por los sismos del 2017 y 2018, integrados en el Comit\u00e9 de Vecinos del Segundo Censo de Damnificados de ciudad de Juchit\u00e1n de Zaragoza, instalaron un bloqueo en la regi\u00f3n.<\/p>\n\n\n\n<p>Como lo advirtieron, cerraron el paso en el punto conocido como \u201cEl Caracol\u201d, de la carretera 190 Panamericana tramo Jalapa del Marqu\u00e9s \u2013 Tehuantepec para exigir el pago de 10 mil pesos para m\u00e1s de mil damnificados del segundo censo.<\/p>\n\n\n\n<p>En la carretera La Ventosa-Mat\u00edas Romero, tambi\u00e9n habitantes de este \u00faltimo municipio cerraron la tarde de hoy la vialidad, para exigir recursos financieros al ayuntamiento.<\/p>\n\n\n\n<p>OTROS DATOS &nbsp;<\/p>\n\n\n\n<p>Pese a ese escenario, el titular de la Secretar\u00eda General de Oaxaca (Segego), Francisco Garc\u00eda, dijo que hay gobernabilidad en la entidad.<\/p>\n\n\n\n<p>En entrevista colectiva, tras una r\u00e1pida entrega del informe y sin mensaje alusivo \u2013como habitualmente ocurre- el funcionario asegur\u00f3 que como gobierno estatal \u201cse van tranquilos\u201d, pues hubo \u201cesfuerzo para cumplir con los oaxaque\u00f1os\u201d.<\/p>\n\n\n\n<p>Sobre la protesta de CIPO, apunt\u00f3 que las demandas fueron atendidas al igual que a todas las organizaciones, y aunque no comparten o entienden algunas acciones, las respetan.\u00a0<\/p>\n\n\n\n<figure class=\"wp-block-embed is-type-rich is-provider-twitter wp-block-embed-twitter\"><div class=\"wp-block-embed__wrapper\">\n<div class=\"twitter-tweet\"><blockquote class=\"twitter-tweet\" data-lang=\"es\"><p lang=\"es\" dir=\"ltr\"><a href=\"https:\/\/twitter.com\/hashtag\/%C3%9AltimoMinuto?src=hash&amp;ref_src=twsrc%5Etfw\">#\u00daltimoMinuto<\/a> <br>Y con prisas y sin mensaje alusivo, el titular de la <a href=\"https:\/\/twitter.com\/SEGEGO_GobOax?ref_src=twsrc%5Etfw\">@SEGEGO_GobOax<\/a>, <a href=\"https:\/\/twitter.com\/PacoPiza9?ref_src=twsrc%5Etfw\">@PacoPiza9<\/a>, entreg\u00f3 el sexto informe del mandatario <a href=\"https:\/\/twitter.com\/alejandromurat?ref_src=twsrc%5Etfw\">@alejandromurat<\/a> al <a href=\"https:\/\/twitter.com\/CongresoOaxaca_?ref_src=twsrc%5Etfw\">@CongresoOaxaca_<\/a>, en sede alterna.<br>Contradictorio con los hechos, dijo que hay gobernabilidad. <a href=\"https:\/\/t.co\/RROPQuRyJE\">pic.twitter.com\/RROPQuRyJE<\/a><\/p>&mdash; Zona Roja Oaxaca (@ZonaRoja_Oaxaca) <a href=\"https:\/\/twitter.com\/ZonaRoja_Oaxaca\/status\/1592595454554177538?ref_src=twsrc%5Etfw\">15 de noviembre de 2022<\/a><\/blockquote><\/div>\n<\/div><\/figure>\n","protected":false},"excerpt":{"rendered":"<p>Yuridiana Sosa\/Zona Roja. Oaxaca de Ju\u00e1rez, Oax., 15 de noviembre de 2022.- El cerco de&hellip;<\/p>\n","protected":false},"author":2,"featured_media":48063,"comment_status":"closed","ping_status":"open","sticky":false,"template":"","format":"standard","meta":{"_lmt_disableupdate":"","_lmt_disable":"","_jetpack_memberships_contains_paid_content":false,"footnotes":""},"categories":[109,47],"tags":[2743],"class_list":["post-48062","post","type-post","status-publish","format-standard","has-post-thumbnail","hentry","category-minuto-a-minuto","category-zona-gris","tag-65-legislatura-del-estado-de-oaxaca"],"jetpack_featured_media_url":"https:\/\/zonaroja.com.mx\/wp-content\/uploads\/2022\/11\/Protesta-CIPO-Congreso-Oaxaca.jpg","jetpack_sharing_enabled":true,"_links":{"self":[{"href":"https:\/\/zonaroja.com.mx\/index.php?rest_route=\/wp\/v2\/posts\/48062","targetHints":{"allow":["GET"]}}],"collection":[{"href":"https:\/\/zonaroja.com.mx\/index.php?rest_route=\/wp\/v2\/posts"}],"about":[{"href":"https:\/\/zonaroja.com.mx\/index.php?rest_route=\/wp\/v2\/types\/post"}],"author":[{"embeddable":true,"href":"https:\/\/zonaroja.com.mx\/index.php?rest_route=\/wp\/v2\/users\/2"}],"replies":[{"embeddable":true,"href":"https:\/\/zonaroja.com.mx\/index.php?rest_route=%2Fwp%2Fv2%2Fcomments&post=48062"}],"version-history":[{"count":1,"href":"https:\/\/zonaroja.com.mx\/index.php?rest_route=\/wp\/v2\/posts\/48062\/revisions"}],"predecessor-version":[{"id":48064,"href":"https:\/\/zonaroja.com.mx\/index.php?rest_route=\/wp\/v2\/posts\/48062\/revisions\/48064"}],"wp:featuredmedia":[{"embeddable":true,"href":"https:\/\/zonaroja.com.mx\/index.php?rest_route=\/wp\/v2\/media\/48063"}],"wp:attachment":[{"href":"https:\/\/zonaroja.com.mx\/index.php?rest_route=%2Fwp%2Fv2%2Fmedia&parent=48062"}],"wp:term":[{"taxonomy":"category","embeddable":true,"href":"https:\/\/zonaroja.com.mx\/index.php?rest_route=%2Fwp%2Fv2%2Fcategories&post=48062"},{"taxonomy":"post_tag","embeddable":true,"href":"https:\/\/zonaroja.com.mx\/index.php?rest_route=%2Fwp%2Fv2%2Ftags&post=48062"}],"curies":[{"name":"wp","href":"https:\/\/api.w.org\/{rel}","templated":true}]}}