{"id":4807,"date":"2019-10-13T20:04:26","date_gmt":"2019-10-14T01:04:26","guid":{"rendered":"http:\/\/www.zonaroja.com.mx\/?p=4807"},"modified":"2019-10-13T20:04:29","modified_gmt":"2019-10-14T01:04:29","slug":"realizaran-foro-para-denunciar-violencia-de-genero-y-feminicida-en-la-mixteca","status":"publish","type":"post","link":"https:\/\/zonaroja.com.mx\/?p=4807","title":{"rendered":"Realizar\u00e1n foro para denunciar violencia de g\u00e9nero y feminicida en la Mixteca"},"content":{"rendered":"\n<p>Redacci\u00f3n\/Zona Roja<\/p>\n\n\n\n<p>Oaxaca de Ju\u00e1rez, Oax., 13 de octubre\nde 2019.- El Centro de Derechos Humanos y Asesor\u00eda de Pueblos Ind\u00edgenas\n(Cedhapi) anunci\u00f3 la realizaci\u00f3n de un foro este lunes 14 de octubre, para\ndenunciar el incremento de casos de violencia de g\u00e9nero y feminicida en la\nregi\u00f3n de la Mixteca. <\/p>\n\n\n\n<p>\u201cImpunidad y corrupci\u00f3n en la\nprocuraci\u00f3n de justicia. Causas del aumento de feminicidios y desaparici\u00f3n forzada\nen la Mixteca\u201d, es como ha sido denominada la actividad en la que se invita a\nla poblaci\u00f3n en general a exponer su casos, a fin de integrar un informe que se\nentregar\u00e1 a la Defensor\u00eda de los Derechos Humanos de Pueblo de Oaxaca&nbsp; y a instancias internacionales en la materia.<\/p>\n\n\n\n<p>Algunos casos confirmados que se\nexpondr\u00e1n durante el foro son los feminicidios de Ang\u00e9lica Mart\u00ednez L\u00f3pez y\nCarolina Gonz\u00e1lez Mart\u00ednez, registrados el mi\u00e9rcoles 2 de octubre en San Mart\u00edn\nItunyoso; as\u00ed como la tentativa de feminicidio en contra de Josel\u00edn Berenice\nRodr\u00edguez V\u00e1squez, en el centro de Tlaxiaco. <\/p>\n\n\n\n<p>De igual forma los feminicidios de\nCornelia Cruz Gonz\u00e1lez, mujer ind\u00edgena de 69 a\u00f1os de edad, sordomuda, quien fue\nviolada y golpeada, heridas que le ocasionaron la muerte, en&nbsp; Asunci\u00f3n Nochixtl\u00e1n; y Yaneth Gonz\u00e1lez L\u00f3pez,\nregistrado en Putla Villa de Guerrero. <\/p>\n\n\n\n<p>As\u00ed mismo, las desapariciones forzadas\nde Yesenia Pascual Ramos y Severina Paz Bautista, cuyo paradero se desconoce y\nfueron vistas por \u00faltima vez en Tlaxiaco y Juxtlahuaca, respectivamente.<\/p>\n\n\n\n<p>El Cedhapi ha evidenciado el incremento\nde la violencia hacia las mujeres en la regi\u00f3n de la Mixteca, situaci\u00f3n que les\npreocupa y ocupa por lo que han pedido a la Fiscal\u00eda General de Justicia del\nEstado, encabezada por Rub\u00e9n Vasconcelos M\u00e9ndez, que efect\u00fae las\ninvestigaciones correspondientes para el esclarecimiento de estos hechos, se\ncastigue a los responsables y se haga justicia a las personas agredidas.<\/p>\n\n\n\n<p>Previo al anuncio del foro, la\norganizaci\u00f3n inform\u00f3 que en menos de ocho d\u00edas, dos mujeres fueron asesinadas\nen la regi\u00f3n, dos m\u00e1s fueron lesionadas de gravedad con disparo de arma de\nfuego y una m\u00e1s fue atacada a golpes con un marro, sum\u00e1ndose a otros\nfeminicidios y desapariciones forzadas que se han registrado en la zona. <\/p>\n\n\n\n<p>Cabe se\u00f1alar que el Grupo de Estudios\nsobre la Mujer \u201cRosario Castellanos\u201d (GesMujer), report\u00f3 360 feminicidios\nacumulados en la administraci\u00f3n p\u00fablica de Oaxaca, encabezada por Alejandro\nMurat Hinojosa, cifra que de continuar a la alza convertir\u00e1 al 2019 en el a\u00f1o\nm\u00e1s violento para las mujeres en la entidad.<\/p>\n","protected":false},"excerpt":{"rendered":"<p>Redacci\u00f3n\/Zona Roja Oaxaca de Ju\u00e1rez, Oax., 13 de octubre de 2019.- El Centro de Derechos&hellip;<\/p>\n","protected":false},"author":2,"featured_media":4808,"comment_status":"closed","ping_status":"open","sticky":false,"template":"","format":"standard","meta":{"_lmt_disableupdate":"","_lmt_disable":"","_jetpack_memberships_contains_paid_content":false,"footnotes":""},"categories":[109,47],"tags":[818,610],"class_list":["post-4807","post","type-post","status-publish","format-standard","has-post-thumbnail","hentry","category-minuto-a-minuto","category-zona-gris","tag-centro-de-derechos-humanos-y-asesoria-a-pueblos-indigenas-cedhapi","tag-feminicidios-oaxaca"],"jetpack_featured_media_url":"https:\/\/zonaroja.com.mx\/wp-content\/uploads\/2019\/10\/IMG_7578-1.jpg","jetpack_sharing_enabled":true,"_links":{"self":[{"href":"https:\/\/zonaroja.com.mx\/index.php?rest_route=\/wp\/v2\/posts\/4807","targetHints":{"allow":["GET"]}}],"collection":[{"href":"https:\/\/zonaroja.com.mx\/index.php?rest_route=\/wp\/v2\/posts"}],"about":[{"href":"https:\/\/zonaroja.com.mx\/index.php?rest_route=\/wp\/v2\/types\/post"}],"author":[{"embeddable":true,"href":"https:\/\/zonaroja.com.mx\/index.php?rest_route=\/wp\/v2\/users\/2"}],"replies":[{"embeddable":true,"href":"https:\/\/zonaroja.com.mx\/index.php?rest_route=%2Fwp%2Fv2%2Fcomments&post=4807"}],"version-history":[{"count":1,"href":"https:\/\/zonaroja.com.mx\/index.php?rest_route=\/wp\/v2\/posts\/4807\/revisions"}],"predecessor-version":[{"id":4809,"href":"https:\/\/zonaroja.com.mx\/index.php?rest_route=\/wp\/v2\/posts\/4807\/revisions\/4809"}],"wp:featuredmedia":[{"embeddable":true,"href":"https:\/\/zonaroja.com.mx\/index.php?rest_route=\/wp\/v2\/media\/4808"}],"wp:attachment":[{"href":"https:\/\/zonaroja.com.mx\/index.php?rest_route=%2Fwp%2Fv2%2Fmedia&parent=4807"}],"wp:term":[{"taxonomy":"category","embeddable":true,"href":"https:\/\/zonaroja.com.mx\/index.php?rest_route=%2Fwp%2Fv2%2Fcategories&post=4807"},{"taxonomy":"post_tag","embeddable":true,"href":"https:\/\/zonaroja.com.mx\/index.php?rest_route=%2Fwp%2Fv2%2Ftags&post=4807"}],"curies":[{"name":"wp","href":"https:\/\/api.w.org\/{rel}","templated":true}]}}