{"id":48076,"date":"2022-11-16T13:02:00","date_gmt":"2022-11-16T19:02:00","guid":{"rendered":"http:\/\/www.zonaroja.com.mx\/?p=48076"},"modified":"2022-11-16T07:04:04","modified_gmt":"2022-11-16T13:04:04","slug":"opinion-mentira-que-el-apoyo-a-la-reforma-sea-mayoritario","status":"publish","type":"post","link":"https:\/\/zonaroja.com.mx\/?p=48076","title":{"rendered":"Opini\u00f3n. Mentira que el apoyo a la reforma sea mayoritario"},"content":{"rendered":"\n<p>Gibr\u00e1n Ram\u00edrez Reyes*<\/p>\n\n\n\n<p>Diputados y otros voceros oficialistas se han apresurado a desestimar la oposici\u00f3n a la reforma electoral como minoritaria porque, con encuestas mal hechas y preguntas sesgadas aplicadas por encuestadoras de dudoso prestigio y con un nutrido historial de \u201cequivocaciones\u201d, han conseguido decir que el 80 por ciento de los mexicanos apoya la reforma. Mienten.&nbsp;<\/p>\n\n\n\n<p>Las encuestas pueden trampearse muy f\u00e1cilmente desde el planteamiento de las preguntas, por eso es el m\u00e9todo favorito del Presidente y la c\u00fapula autoritaria de Morena para elegir candidaturas; permite usar una careta de dem\u00f3crata mientras por debajo de ella lo que hay es arbitrariedad y antidemocracia pura<\/p>\n\n\n\n<p>\u00bfQu\u00e9 habr\u00eda pasado si despu\u00e9s de preguntar por la elecci\u00f3n popular de consejeros electorales, hubieran preguntado si la gente est\u00e1 de acuerdo en que el poder determine los candidatos por los que se podr\u00eda votar? El rechazo ser\u00eda, seguramente, muy similar.&nbsp;<\/p>\n\n\n\n<p>Los principales problemas de la democracia mexicana radican en el poder excesivo de las c\u00fapulas partidistas y la profusi\u00f3n del financiamiento ilegal en las campa\u00f1as electorales.&nbsp;<\/p>\n\n\n\n<p>La iniciativa de reforma no ataca ninguno de esos problemas, sino que, al contrario, los agrava. Con listas cerradas para elegir a los diputados, las c\u00fapulas tendr\u00e1n la capacidad de definir qui\u00e9n y con cu\u00e1nta probabilidad podr\u00e1 ser diputada o diputado.&nbsp;<\/p>\n\n\n\n<p>El principio de la arbitrariedad con la que se nombra a los llamados plurinominales se generalizar\u00e1 a cada diputado del pa\u00eds. Eso, sumado a la eliminaci\u00f3n de institutos y tribunales locales, centralizar\u00e1 todav\u00eda m\u00e1s la vida pol\u00edtica.&nbsp;<\/p>\n\n\n\n<p>De nada servir\u00e1 estar bien con la gente y tener apoyo o prestigio social si no se est\u00e1 bien con las dirigencias partidistas que nombrar\u00e1n candidatos a dedo desde la capital o, si bien nos va, desde las capitales.&nbsp;<\/p>\n\n\n\n<p>\u00bfEstar\u00edan dispuestos a medir en una encuesta cu\u00e1ntas personas est\u00e1n de acuerdo con eso?, \u00bfcu\u00e1ntos quieren que la pol\u00edtica mexicana se decida y se procese por completo y exclusivamente en las c\u00fapulas partidistas y en las instituciones de Ciudad de M\u00e9xico? Igual que en la revocaci\u00f3n de mandato, la iniciativa proh\u00edbe la participaci\u00f3n de los partidos en las campa\u00f1as de los consejeros.&nbsp;<\/p>\n\n\n\n<p>Igual que en la revocaci\u00f3n, los operadores de gobierno y partidistas se quitar\u00e1n los chalecos y se dir\u00e1n ciudadanos u organizaciones de la sociedad civil. Si gastan dinero, dir\u00e1n que es de su bolsa, y \u00e9ste no se podr\u00e1 auditar.&nbsp;<\/p>\n\n\n\n<p>Grupos de poder con influencia econ\u00f3mica tendr\u00e1n la tentaci\u00f3n de acordar con candidatos que aparezcan en las listas, para tener sus propios magistrados o consejeros electorales, o sea que el espacio para la actuaci\u00f3n del dinero se ensanchar\u00e1.&nbsp;<\/p>\n\n\n\n<p>Los candidatos a consejeros escribir\u00e1n deslindes para desconocer toda la propaganda que se pague a su favor, como hoy hacen sistem\u00e1ticamente Claudia Sheinbaum y Ad\u00e1n Augusto L\u00f3pez.&nbsp;<\/p>\n\n\n\n<p>La organizaci\u00f3n, realizaci\u00f3n y procesamiento de las elecciones estar\u00e1n en manos de consejeros y magistrados electos por voto popular, s\u00ed, pero con la participaci\u00f3n de poderes econ\u00f3micos inauditables, y de entre aquellos candidatos que decida el presidente, la bancada del presidente en el poder Legislativo, y el poder Judicial que ha logrado dominar el presidente. \u00bfCu\u00e1ntos estar\u00e1n de acuerdo en eso?&nbsp;<\/p>\n","protected":false},"excerpt":{"rendered":"<p>Gibr\u00e1n Ram\u00edrez Reyes* Diputados y otros voceros oficialistas se han apresurado a desestimar la oposici\u00f3n&hellip;<\/p>\n","protected":false},"author":2,"featured_media":41734,"comment_status":"closed","ping_status":"open","sticky":false,"template":"","format":"standard","meta":{"_lmt_disableupdate":"","_lmt_disable":"","_jetpack_memberships_contains_paid_content":false,"footnotes":""},"categories":[456,109],"tags":[2489],"class_list":["post-48076","post","type-post","status-publish","format-standard","has-post-thumbnail","hentry","category-columna","category-minuto-a-minuto","tag-gibran-ramirez-reyes"],"jetpack_featured_media_url":"https:\/\/zonaroja.com.mx\/wp-content\/uploads\/2022\/05\/Opinion-Gibran-Ramirez-Reyes.jpg","jetpack_sharing_enabled":true,"_links":{"self":[{"href":"https:\/\/zonaroja.com.mx\/index.php?rest_route=\/wp\/v2\/posts\/48076","targetHints":{"allow":["GET"]}}],"collection":[{"href":"https:\/\/zonaroja.com.mx\/index.php?rest_route=\/wp\/v2\/posts"}],"about":[{"href":"https:\/\/zonaroja.com.mx\/index.php?rest_route=\/wp\/v2\/types\/post"}],"author":[{"embeddable":true,"href":"https:\/\/zonaroja.com.mx\/index.php?rest_route=\/wp\/v2\/users\/2"}],"replies":[{"embeddable":true,"href":"https:\/\/zonaroja.com.mx\/index.php?rest_route=%2Fwp%2Fv2%2Fcomments&post=48076"}],"version-history":[{"count":1,"href":"https:\/\/zonaroja.com.mx\/index.php?rest_route=\/wp\/v2\/posts\/48076\/revisions"}],"predecessor-version":[{"id":48077,"href":"https:\/\/zonaroja.com.mx\/index.php?rest_route=\/wp\/v2\/posts\/48076\/revisions\/48077"}],"wp:featuredmedia":[{"embeddable":true,"href":"https:\/\/zonaroja.com.mx\/index.php?rest_route=\/wp\/v2\/media\/41734"}],"wp:attachment":[{"href":"https:\/\/zonaroja.com.mx\/index.php?rest_route=%2Fwp%2Fv2%2Fmedia&parent=48076"}],"wp:term":[{"taxonomy":"category","embeddable":true,"href":"https:\/\/zonaroja.com.mx\/index.php?rest_route=%2Fwp%2Fv2%2Fcategories&post=48076"},{"taxonomy":"post_tag","embeddable":true,"href":"https:\/\/zonaroja.com.mx\/index.php?rest_route=%2Fwp%2Fv2%2Ftags&post=48076"}],"curies":[{"name":"wp","href":"https:\/\/api.w.org\/{rel}","templated":true}]}}