{"id":48080,"date":"2022-11-16T09:00:00","date_gmt":"2022-11-16T15:00:00","guid":{"rendered":"http:\/\/www.zonaroja.com.mx\/?p=48080"},"modified":"2022-11-16T07:43:08","modified_gmt":"2022-11-16T13:43:08","slug":"cumplen-ocho-dias-desaparecidos-dos-empleados-en-la-costa-de-oaxaca","status":"publish","type":"post","link":"https:\/\/zonaroja.com.mx\/?p=48080","title":{"rendered":"Cumplen ocho d\u00edas desaparecidos dos empleados en la Costa de Oaxaca"},"content":{"rendered":"\n<p>Redacci\u00f3n\/Zona Roja. Foto: CMM Noticias<\/p>\n\n\n\n<p>Oaxaca de Ju\u00e1rez, Oax., a 16 de noviembre de 2022.- A ocho d\u00edas de la desaparici\u00f3n en la regi\u00f3n Costa de Oaxaca, no hay ning\u00fan indicio del paradero Abel Ba\u00f1os Medina y Carlos Hern\u00e1ndez Casilla, trabajadores de la empresa Lala&nbsp; en Pinotepa Nacional.<\/p>\n\n\n\n<p>Ayer en esa ciudad colidante con el estado de Guerrero, se efectu\u00f3 una marcha para insistir en la b\u00fasqueda de estos dos empleados, quienes salieron a sus labores el pasado 8 de noviembre y tuvieron contacto con ellos por \u00faltima vez en en el municipio de Santo Domingo Armenta.<\/p>\n\n\n\n<p>Corporaciones policiacas federales y estatales, as\u00ed como personal de la Fiscal\u00eda General del Estado de Oaxaca iniciaron de inmediato la b\u00fasqueda de ambos y hasta el momento no hay pistas de ellos.<\/p>\n\n\n\n<p>La semana pasada, la unidad de reparto de la empresa Lala, donde presuntamente viajaban las personas reportadas como desaparecidas, fue localizada abandonada en inmediaciones del puente \u201cEl Camar\u00f3n\u201d, cerca del poblado Lagunillas.<\/p>\n\n\n\n<p>Los familiares comparten los n\u00fameros telef\u00f3nicos 954 129 6512 y 954 150 4796 para cualquier informaci\u00f3n que ayude a dar con la localizaci\u00f3n de ambos masculinos.<\/p>\n\n\n\n<p>En tanto, la Fiscal\u00eda emiti\u00f3 un comunicado de prensa en que detall\u00f3 que ha coordinado y efectuado operativos de b\u00fasqueda de las dos personas.&nbsp;<\/p>\n\n\n\n<p>La reciente acci\u00f3n corri\u00f3 a cargo de elementos de la Agencia Estatal de Investigaciones adscritos a la Vicefiscal\u00eda Regional de la Costa, en estrecha colaboraci\u00f3n con personal del Ej\u00e9rcito Mexicano y consisti\u00f3 en una serie de recorridos por las comunidades de Mancuernas, Lo de Candela, Lagunilla, El Ciruelo y Santo Domingo Armenta y la colonia 20 de noviembre de Santiago Pinotepa Nacional.&nbsp;<\/p>\n\n\n\n<p>\u201cDesde que tuvo conocimiento del caso, la FGEO inici\u00f3 los actos de investigaci\u00f3n correspondientes, tendientes a la b\u00fasqueda y localizaci\u00f3n de las v\u00edctimas, integrando la carpeta de investigaci\u00f3n 38700\/FCOS\/PINOTEPA\/2022, labores que se siguen realizando hasta dar con el paradero de ambas personas.<\/p>\n\n\n\n<p>\u201cLa b\u00fasqueda y localizaci\u00f3n de personas reportadas como desaparecidas en la entidad, es un compromiso prioritario para la Fiscal\u00eda General, realizando investigaciones exhaustivas que permitan dar con su paradero\u201d, inform\u00f3 en un comunicado.<\/p>\n\n\n\n<figure class=\"wp-block-image size-large\"><a href=\"http:\/\/www.zonaroja.com.mx\/wp-content\/uploads\/2022\/11\/Desaparecidos-Lala-Pinotepa-Santo-Domingo-Armenta.png\" data-rel=\"penci-gallery-image-content\" ><img decoding=\"async\" width=\"1024\" height=\"682\" src=\"http:\/\/www.zonaroja.com.mx\/wp-content\/uploads\/2022\/11\/Desaparecidos-Lala-Pinotepa-Santo-Domingo-Armenta-1024x682.png\" alt=\"\" class=\"wp-image-48082\" srcset=\"https:\/\/zonaroja.com.mx\/wp-content\/uploads\/2022\/11\/Desaparecidos-Lala-Pinotepa-Santo-Domingo-Armenta-1024x682.png 1024w, https:\/\/zonaroja.com.mx\/wp-content\/uploads\/2022\/11\/Desaparecidos-Lala-Pinotepa-Santo-Domingo-Armenta-300x200.png 300w, https:\/\/zonaroja.com.mx\/wp-content\/uploads\/2022\/11\/Desaparecidos-Lala-Pinotepa-Santo-Domingo-Armenta-768x512.png 768w, https:\/\/zonaroja.com.mx\/wp-content\/uploads\/2022\/11\/Desaparecidos-Lala-Pinotepa-Santo-Domingo-Armenta-1536x1023.png 1536w, https:\/\/zonaroja.com.mx\/wp-content\/uploads\/2022\/11\/Desaparecidos-Lala-Pinotepa-Santo-Domingo-Armenta-1170x780.png 1170w, https:\/\/zonaroja.com.mx\/wp-content\/uploads\/2022\/11\/Desaparecidos-Lala-Pinotepa-Santo-Domingo-Armenta-585x390.png 585w, https:\/\/zonaroja.com.mx\/wp-content\/uploads\/2022\/11\/Desaparecidos-Lala-Pinotepa-Santo-Domingo-Armenta-263x175.png 263w, https:\/\/zonaroja.com.mx\/wp-content\/uploads\/2022\/11\/Desaparecidos-Lala-Pinotepa-Santo-Domingo-Armenta.png 1600w\" sizes=\"(max-width: 1024px) 100vw, 1024px\" \/><\/a><\/figure>\n","protected":false},"excerpt":{"rendered":"<p>Redacci\u00f3n\/Zona Roja. Foto: CMM Noticias Oaxaca de Ju\u00e1rez, Oax., a 16 de noviembre de 2022.-&hellip;<\/p>\n","protected":false},"author":2,"featured_media":48081,"comment_status":"closed","ping_status":"open","sticky":false,"template":"","format":"standard","meta":{"_lmt_disableupdate":"","_lmt_disable":"","_jetpack_memberships_contains_paid_content":false,"footnotes":""},"categories":[109,47],"tags":[916],"class_list":["post-48080","post","type-post","status-publish","format-standard","has-post-thumbnail","hentry","category-minuto-a-minuto","category-zona-gris","tag-pinotepa-nacional"],"jetpack_featured_media_url":"https:\/\/zonaroja.com.mx\/wp-content\/uploads\/2022\/11\/Marcha-por-desaparecidos-Lala-Pinotepa-Armenta.jpg","jetpack_sharing_enabled":true,"_links":{"self":[{"href":"https:\/\/zonaroja.com.mx\/index.php?rest_route=\/wp\/v2\/posts\/48080","targetHints":{"allow":["GET"]}}],"collection":[{"href":"https:\/\/zonaroja.com.mx\/index.php?rest_route=\/wp\/v2\/posts"}],"about":[{"href":"https:\/\/zonaroja.com.mx\/index.php?rest_route=\/wp\/v2\/types\/post"}],"author":[{"embeddable":true,"href":"https:\/\/zonaroja.com.mx\/index.php?rest_route=\/wp\/v2\/users\/2"}],"replies":[{"embeddable":true,"href":"https:\/\/zonaroja.com.mx\/index.php?rest_route=%2Fwp%2Fv2%2Fcomments&post=48080"}],"version-history":[{"count":1,"href":"https:\/\/zonaroja.com.mx\/index.php?rest_route=\/wp\/v2\/posts\/48080\/revisions"}],"predecessor-version":[{"id":48083,"href":"https:\/\/zonaroja.com.mx\/index.php?rest_route=\/wp\/v2\/posts\/48080\/revisions\/48083"}],"wp:featuredmedia":[{"embeddable":true,"href":"https:\/\/zonaroja.com.mx\/index.php?rest_route=\/wp\/v2\/media\/48081"}],"wp:attachment":[{"href":"https:\/\/zonaroja.com.mx\/index.php?rest_route=%2Fwp%2Fv2%2Fmedia&parent=48080"}],"wp:term":[{"taxonomy":"category","embeddable":true,"href":"https:\/\/zonaroja.com.mx\/index.php?rest_route=%2Fwp%2Fv2%2Fcategories&post=48080"},{"taxonomy":"post_tag","embeddable":true,"href":"https:\/\/zonaroja.com.mx\/index.php?rest_route=%2Fwp%2Fv2%2Ftags&post=48080"}],"curies":[{"name":"wp","href":"https:\/\/api.w.org\/{rel}","templated":true}]}}