{"id":48084,"date":"2022-11-16T11:02:00","date_gmt":"2022-11-16T17:02:00","guid":{"rendered":"http:\/\/www.zonaroja.com.mx\/?p=48084"},"modified":"2022-11-16T18:58:27","modified_gmt":"2022-11-17T00:58:27","slug":"meningitis-moral-en-durango-suman-seis-mujeres-fallecidas","status":"publish","type":"post","link":"https:\/\/zonaroja.com.mx\/?p=48084","title":{"rendered":"Meningitis mortal en Durango: suman seis mujeres fallecidas"},"content":{"rendered":"\n<p>Redacci\u00f3n\/Zona Roja Cdmx.<\/p>\n\n\n\n<p>Ciudad de M\u00e9xico, a 16 de noviembre de 2022.- Una mujer de 27 a\u00f1os de edad falleci\u00f3 ayer a causa de meningitis as\u00e9ptica, enfermedad que inflama los tejidos que cubren el cerebro y la m\u00e9dula espinal; es el sexto deceso por esta causa, inform\u00f3 la Secretar\u00eda de Salud de Durango (SSD).<\/p>\n\n\n\n<p>En Durango se ha calculado que entre 200 y 300 personas podr\u00edan estar en riesgo por este padecimiento, pues fueron sometidos a alguna cirug\u00eda en las cl\u00ednicas privadas donde hasta ahora se ha reportado la afectaci\u00f3n de 49 pacientes, inform\u00f3 Juan Antonio Ferrer, director del Instituto de Salud para el Bienestar (Insabi).<\/p>\n\n\n\n<p>La SSD afirm\u00f3 que un hongo es el causante de la infecci\u00f3n; s\u00f3lo falta saber de d\u00f3nde provino. Adem\u00e1s, la mayor\u00eda de las afectadas son mujeres que de mayo a la fecha parieron en hospitales privados de la entidad.<\/p>\n\n\n\n<p>La titular de la SSD, Irasema Kondo Padilla, precis\u00f3 que en un solo hospital privado se realizaron 262 procedimientos quir\u00fargicos de mayo a octubre, en los que se aplic\u00f3 bloqueo anest\u00e9sico general, y han localizado a la mayor\u00eda para realizarles estudios; pero a 60 no las han ubicado.<\/p>\n\n\n\n<p>Todas las mujeres que han fallecido por esta enfermedad en el estado ten\u00edan menos de 40 a\u00f1os.<\/p>\n\n\n\n<p>Juan Antonio Ferrer, dijo que el gobierno federal trabaja en colaboraci\u00f3n con el de Durango para atender este problema y al Insabi le correspondi\u00f3 contratar 200 trabajadores de salud (m\u00e9dicos, especialistas y personal de enfermer\u00eda), as\u00ed como enviar los medicamentos solicitados por la entidad.<\/p>\n\n\n\n<p>El padecimiento se manifiesta con fiebre, dolor de cabeza y rigidez de cuello que aparecen de manera repentina. Tambi\u00e9n puede haber n\u00e1useas, v\u00f3mito, sensibilidad de los ojos a la luz (fotofobia) y alteraci\u00f3n del estado mental (confusi\u00f3n), de acuerdo con especialistas.<\/p>\n\n\n\n<p>La Secretar\u00eda de Salud federal inform\u00f3 anoche que 10 pacientes est\u00e1n en terapia intensiva; de ellos, siete se encuentran en el Hospital General 450 del estado y tres en el hospital general de zona n\u00famero 1 del IMSS, todos con pron\u00f3stico reservado.<\/p>\n\n\n\n<p>Mientras, la Cofepris y su hom\u00f3loga estatal, la Coprised, permitieron la reapertura de los quir\u00f3fanos privados; s\u00f3lo cuatro permanecen clausurados, y son de donde surgieron los casos de meningitis as\u00e9ptica, indic\u00f3 la SSD.<\/p>\n\n\n\n<p>(Informaci\u00f3n de \u201cLa Jornada\u201d)<\/p>\n","protected":false},"excerpt":{"rendered":"<p>Redacci\u00f3n\/Zona Roja Cdmx. Ciudad de M\u00e9xico, a 16 de noviembre de 2022.- Una mujer de&hellip;<\/p>\n","protected":false},"author":2,"featured_media":48085,"comment_status":"closed","ping_status":"open","sticky":false,"template":"","format":"standard","meta":{"_lmt_disableupdate":"","_lmt_disable":"","_jetpack_memberships_contains_paid_content":false,"footnotes":""},"categories":[109,47],"tags":[3316],"class_list":["post-48084","post","type-post","status-publish","format-standard","has-post-thumbnail","hentry","category-minuto-a-minuto","category-zona-gris","tag-meningitis-durango"],"jetpack_featured_media_url":"https:\/\/zonaroja.com.mx\/wp-content\/uploads\/2022\/11\/Salud-Durango-meningitis.jpeg","jetpack_sharing_enabled":true,"_links":{"self":[{"href":"https:\/\/zonaroja.com.mx\/index.php?rest_route=\/wp\/v2\/posts\/48084","targetHints":{"allow":["GET"]}}],"collection":[{"href":"https:\/\/zonaroja.com.mx\/index.php?rest_route=\/wp\/v2\/posts"}],"about":[{"href":"https:\/\/zonaroja.com.mx\/index.php?rest_route=\/wp\/v2\/types\/post"}],"author":[{"embeddable":true,"href":"https:\/\/zonaroja.com.mx\/index.php?rest_route=\/wp\/v2\/users\/2"}],"replies":[{"embeddable":true,"href":"https:\/\/zonaroja.com.mx\/index.php?rest_route=%2Fwp%2Fv2%2Fcomments&post=48084"}],"version-history":[{"count":2,"href":"https:\/\/zonaroja.com.mx\/index.php?rest_route=\/wp\/v2\/posts\/48084\/revisions"}],"predecessor-version":[{"id":48098,"href":"https:\/\/zonaroja.com.mx\/index.php?rest_route=\/wp\/v2\/posts\/48084\/revisions\/48098"}],"wp:featuredmedia":[{"embeddable":true,"href":"https:\/\/zonaroja.com.mx\/index.php?rest_route=\/wp\/v2\/media\/48085"}],"wp:attachment":[{"href":"https:\/\/zonaroja.com.mx\/index.php?rest_route=%2Fwp%2Fv2%2Fmedia&parent=48084"}],"wp:term":[{"taxonomy":"category","embeddable":true,"href":"https:\/\/zonaroja.com.mx\/index.php?rest_route=%2Fwp%2Fv2%2Fcategories&post=48084"},{"taxonomy":"post_tag","embeddable":true,"href":"https:\/\/zonaroja.com.mx\/index.php?rest_route=%2Fwp%2Fv2%2Ftags&post=48084"}],"curies":[{"name":"wp","href":"https:\/\/api.w.org\/{rel}","templated":true}]}}