{"id":48087,"date":"2022-11-16T12:10:00","date_gmt":"2022-11-16T18:10:00","guid":{"rendered":"http:\/\/www.zonaroja.com.mx\/?p=48087"},"modified":"2022-11-16T08:15:17","modified_gmt":"2022-11-16T14:15:17","slug":"propone-morena-de-cdmx-reeleccion-de-presidente-de-mexico","status":"publish","type":"post","link":"https:\/\/zonaroja.com.mx\/?p=48087","title":{"rendered":"Propone Morena de Cdmx reelecci\u00f3n de Presidente de M\u00e9xico"},"content":{"rendered":"\n<p>Redacci\u00f3n\/Zona Roja Cdmx.<\/p>\n\n\n\n<p>Ciudad de M\u00e9xico, a 16 de noviembre de 2022.- La bancada de Morena en el Congreso de la Ciudad de M\u00e9xico inscribi\u00f3 este martes una iniciativa para reformar la Constituci\u00f3n, con el objetivo de que el o la Presidenta de la Rep\u00fablica dure cuatro a\u00f1os en el cargo y pueda reelegirse.<\/p>\n\n\n\n<p>La propuesta, presentada por el diputado morenista Alberto Mart\u00ednez Urincho, plantea reformar el art\u00edculo 83 de la Constituci\u00f3n, el cual, de aprobarse, quedar\u00eda de la siguiente forma:<\/p>\n\n\n\n<p>\u201cLa persona titular de la presidencia entrar\u00e1 a ejercer su encargo el 1 de octubre y durar\u00e1 en \u00e9l cuatro a\u00f1os, pudiendo ser reelecta para un siguiente mandato del mismo periodo\u201d.<\/p>\n\n\n\n<p>De acuerdo con la iniciativa, la persona ciudadana que haya desempe\u00f1ado la Presidencia de la Rep\u00fablica, reelecto popularmente, o con el car\u00e1cter de interina o sustituta, o asuma provisionalmente la titularidad del Ejecutivo federal, en ning\u00fan caso y por ning\u00fan motivo podr\u00e1 volver a desempe\u00f1ar ese puesto.<\/p>\n\n\n\n<p>Mart\u00ednez Urincho plantea que, de ser aprobado, el decreto entre en vigor con la publicaci\u00f3n en el Diario Oficial de la Federaci\u00f3n el 2 de octubre de 2024.<\/p>\n\n\n\n<p>\u201cComo respuesta a la marcha del domingo en defensa del INE, hoy el Partido Morena presentar\u00e1 en el Congreso de la Ciudad de M\u00e9xico una propuesta para la reelecci\u00f3n Presidencial a trav\u00e9s de Alberto Urincho copiando el modelo de Estados Unidos. No entienden, que NO entienden\u201d, escribi\u00f3 en su cuenta el diputado panista de la capital, Federico D\u00f6ring.<\/p>\n\n\n\n<p>El mandatario Andr\u00e9s Manuel L\u00f3pez Obrador ha reafirmado en varias ocasiones que, al menos en su caso, volverse a postular para la Presidencia de la Rep\u00fablica no es algo que est\u00e9 en sus planes.<\/p>\n\n\n\n<p>De hecho, en julio de 2019 el titular del Ejecutivo firm\u00f3, ante un notario p\u00fablico, una carta compromiso para no reelegirse.<\/p>\n\n\n\n<p>\u201cSoy Maderista y creo en el sufragio efectivo, no reelecci\u00f3n. Y por eso voy a durar el tiempo que el pueblo quiera. No me voy a aferrar a la Presidencia\u201d, afirm\u00f3 antes de firmar el documento.<\/p>\n\n\n\n<p>(Informaci\u00f3n de \u201cEl Financiero\u201d)<\/p>\n","protected":false},"excerpt":{"rendered":"<p>Redacci\u00f3n\/Zona Roja Cdmx. Ciudad de M\u00e9xico, a 16 de noviembre de 2022.- La bancada de&hellip;<\/p>\n","protected":false},"author":2,"featured_media":48088,"comment_status":"closed","ping_status":"open","sticky":false,"template":"","format":"standard","meta":{"_lmt_disableupdate":"","_lmt_disable":"","_jetpack_memberships_contains_paid_content":false,"footnotes":""},"categories":[109,47],"tags":[],"class_list":["post-48087","post","type-post","status-publish","format-standard","has-post-thumbnail","hentry","category-minuto-a-minuto","category-zona-gris"],"jetpack_featured_media_url":"https:\/\/zonaroja.com.mx\/wp-content\/uploads\/2022\/11\/Congreso-de-la-ciudad-de-Mexico-diputados.jpeg","jetpack_sharing_enabled":true,"_links":{"self":[{"href":"https:\/\/zonaroja.com.mx\/index.php?rest_route=\/wp\/v2\/posts\/48087","targetHints":{"allow":["GET"]}}],"collection":[{"href":"https:\/\/zonaroja.com.mx\/index.php?rest_route=\/wp\/v2\/posts"}],"about":[{"href":"https:\/\/zonaroja.com.mx\/index.php?rest_route=\/wp\/v2\/types\/post"}],"author":[{"embeddable":true,"href":"https:\/\/zonaroja.com.mx\/index.php?rest_route=\/wp\/v2\/users\/2"}],"replies":[{"embeddable":true,"href":"https:\/\/zonaroja.com.mx\/index.php?rest_route=%2Fwp%2Fv2%2Fcomments&post=48087"}],"version-history":[{"count":1,"href":"https:\/\/zonaroja.com.mx\/index.php?rest_route=\/wp\/v2\/posts\/48087\/revisions"}],"predecessor-version":[{"id":48089,"href":"https:\/\/zonaroja.com.mx\/index.php?rest_route=\/wp\/v2\/posts\/48087\/revisions\/48089"}],"wp:featuredmedia":[{"embeddable":true,"href":"https:\/\/zonaroja.com.mx\/index.php?rest_route=\/wp\/v2\/media\/48088"}],"wp:attachment":[{"href":"https:\/\/zonaroja.com.mx\/index.php?rest_route=%2Fwp%2Fv2%2Fmedia&parent=48087"}],"wp:term":[{"taxonomy":"category","embeddable":true,"href":"https:\/\/zonaroja.com.mx\/index.php?rest_route=%2Fwp%2Fv2%2Fcategories&post=48087"},{"taxonomy":"post_tag","embeddable":true,"href":"https:\/\/zonaroja.com.mx\/index.php?rest_route=%2Fwp%2Fv2%2Ftags&post=48087"}],"curies":[{"name":"wp","href":"https:\/\/api.w.org\/{rel}","templated":true}]}}