{"id":48090,"date":"2022-11-16T08:20:54","date_gmt":"2022-11-16T14:20:54","guid":{"rendered":"http:\/\/www.zonaroja.com.mx\/?p=48090"},"modified":"2022-11-16T08:20:55","modified_gmt":"2022-11-16T14:20:55","slug":"misil-en-polonia-provino-del-sistema-de-defensa-aerea-de-ucrania-otan","status":"publish","type":"post","link":"https:\/\/zonaroja.com.mx\/?p=48090","title":{"rendered":"Misil en Polonia provino del sistema de defensa a\u00e9rea de Ucrania: OTAN"},"content":{"rendered":"\n<p>Redacci\u00f3n\/Zona Roja Cdmx. Foto: Ilustrativa<\/p>\n\n\n\n<p>Ciudad de M\u00e9xico, a 16 de noviembre de 2022.- El secretario general de la OTAN, Jens Stoltenberg, dijo que los primeros resultados de una investigaci\u00f3n indican que una explosi\u00f3n en territorio polaco fue causada por el sistema de defensas antia\u00e9rea de Ucrania.<\/p>\n\n\n\n<p>\u201cNuestro an\u00e1lisis preliminar sugiere que el incidente probablemente fue causado por un misil de defensa antia\u00e9rea ucraniano disparado para defender el territorio ucraniano contra los ataques con misiles de crucero rusos\u201d, declar\u00f3 Stoltenberg a los periodistas tras una reuni\u00f3n de aliados de la OTAN en Bruselas.<\/p>\n\n\n\n<p>Stoltenberg dijo que la investigaci\u00f3n de la OTAN estaba en curso. \u201cNo tenemos indicios de que esto haya sido el resultado de un ataque deliberado\u201d, se\u00f1al\u00f3 Stoltenberg, y agreg\u00f3 que tampoco hab\u00eda \u201cning\u00fan indicio de que Rusia est\u00e9 preparando acciones militares ofensivas contra la OTAN\u201d.<\/p>\n\n\n\n<p>El martes, un alto funcionario de inteligencia de Estados Unidos inform\u00f3 que misiles rusos atravesaron Polonia y mataron a dos personas.<\/p>\n\n\n\n<p>Medios polacos reportaron que un proyectil impact\u00f3 en un \u00e1rea donde se estaba secando el grano en Przewod\u00f3w, un pueblo polaco cerca de la frontera con Ucrania.<\/p>\n\n\n\n<p>En un primer momento, autoridades de Polonia no dieron declaraciones al respecto, solo que se encontraban en una reuni\u00f3n de emergencia.<\/p>\n\n\n\n<p>En tanto, Rusia se\u00f1al\u00f3 que no ha efectuado ataques contra objetivos cerca de la localidad polaca de Przewod\u00f3w y calific\u00f3 de \u201cprovocaci\u00f3n deliberada\u201d las afirmaciones de medios y funcionarios polacos sobre la supuesta ca\u00edda de misiles rusos en la frontera entre Ucrania y Polonia.<\/p>\n\n\n\n<p>\u201cLas declaraciones de los medios y funcionarios polacos sobre la supuesta ca\u00edda de misiles rusos en el \u00e1rea de la localidad de Przewod\u00f3w es una provocaci\u00f3n deliberada\u201d para aumentar la tensi\u00f3n, afirm\u00f3 el ministerio ruso de Defensa.<\/p>\n\n\n\n<p>Este mi\u00e9rcoles, el presidente polaco, Andrzej Duda, dijo que es poco probable que su pa\u00eds invoque el art\u00edculo 4 de la carta de la OTAN, lo que desencadenar\u00eda consultas sobre una respuesta militar.<\/p>\n\n\n\n<p>La evaluaci\u00f3n coincidi\u00f3 con la del presidente estadounidense, Joe Biden, quien dijo a sus aliados al margen de una cumbre del Grupo de los 20 en Indonesia que la explosi\u00f3n cerca de la frontera con Ucrania fue causada por las defensas a\u00e9reas de Kiev, seg\u00fan dos funcionarios familiarizados con el asunto. El l\u00edder estadounidense a\u00fan dijo que el ataque fue provocado en \u00faltima instancia por el bombardeo de misiles rusos en Ucrania.<\/p>\n\n\n\n<p>(Informaci\u00f3n de AP en \u201cEl Financiero\u201d)<\/p>\n","protected":false},"excerpt":{"rendered":"<p>Redacci\u00f3n\/Zona Roja Cdmx. Foto: Ilustrativa Ciudad de M\u00e9xico, a 16 de noviembre de 2022.- El&hellip;<\/p>\n","protected":false},"author":2,"featured_media":47548,"comment_status":"closed","ping_status":"open","sticky":false,"template":"","format":"standard","meta":{"_lmt_disableupdate":"","_lmt_disable":"","_jetpack_memberships_contains_paid_content":false,"footnotes":""},"categories":[109,47],"tags":[3040],"class_list":["post-48090","post","type-post","status-publish","format-standard","has-post-thumbnail","hentry","category-minuto-a-minuto","category-zona-gris","tag-conflicto-ucrania-rusia-2"],"jetpack_featured_media_url":"https:\/\/zonaroja.com.mx\/wp-content\/uploads\/2022\/11\/Lanzamiento-misil-.jpeg","jetpack_sharing_enabled":true,"_links":{"self":[{"href":"https:\/\/zonaroja.com.mx\/index.php?rest_route=\/wp\/v2\/posts\/48090","targetHints":{"allow":["GET"]}}],"collection":[{"href":"https:\/\/zonaroja.com.mx\/index.php?rest_route=\/wp\/v2\/posts"}],"about":[{"href":"https:\/\/zonaroja.com.mx\/index.php?rest_route=\/wp\/v2\/types\/post"}],"author":[{"embeddable":true,"href":"https:\/\/zonaroja.com.mx\/index.php?rest_route=\/wp\/v2\/users\/2"}],"replies":[{"embeddable":true,"href":"https:\/\/zonaroja.com.mx\/index.php?rest_route=%2Fwp%2Fv2%2Fcomments&post=48090"}],"version-history":[{"count":1,"href":"https:\/\/zonaroja.com.mx\/index.php?rest_route=\/wp\/v2\/posts\/48090\/revisions"}],"predecessor-version":[{"id":48091,"href":"https:\/\/zonaroja.com.mx\/index.php?rest_route=\/wp\/v2\/posts\/48090\/revisions\/48091"}],"wp:featuredmedia":[{"embeddable":true,"href":"https:\/\/zonaroja.com.mx\/index.php?rest_route=\/wp\/v2\/media\/47548"}],"wp:attachment":[{"href":"https:\/\/zonaroja.com.mx\/index.php?rest_route=%2Fwp%2Fv2%2Fmedia&parent=48090"}],"wp:term":[{"taxonomy":"category","embeddable":true,"href":"https:\/\/zonaroja.com.mx\/index.php?rest_route=%2Fwp%2Fv2%2Fcategories&post=48090"},{"taxonomy":"post_tag","embeddable":true,"href":"https:\/\/zonaroja.com.mx\/index.php?rest_route=%2Fwp%2Fv2%2Ftags&post=48090"}],"curies":[{"name":"wp","href":"https:\/\/api.w.org\/{rel}","templated":true}]}}