{"id":48092,"date":"2022-11-16T18:33:55","date_gmt":"2022-11-17T00:33:55","guid":{"rendered":"http:\/\/www.zonaroja.com.mx\/?p=48092"},"modified":"2022-11-16T18:33:57","modified_gmt":"2022-11-17T00:33:57","slug":"inconcebible-perro-llevaba-brazo-humano-en-la-ciudad-de-oaxaca-hallan-demas-restos","status":"publish","type":"post","link":"https:\/\/zonaroja.com.mx\/?p=48092","title":{"rendered":"Inconcebible: perro llevaba brazo humano en la ciudad de Oaxaca; hallan dem\u00e1s restos"},"content":{"rendered":"\n<p>Yuridiana Sosa\/Zona Roja.<\/p>\n\n\n\n<p>Oaxaca de Ju\u00e1rez, Oax., 16 de noviembre de 2022.- El horror se violencia se intensific\u00f3 en la capital de Oaxaca: <\/p>\n\n\n\n<p>A 24 horas de una ejecuci\u00f3n en zona habitacional, localizan restos humanos en la agencia de San Mart\u00edn Mexic\u00e1pam. Primero descubiertos por un perro y luego asegurados por la Fiscal\u00eda de Oaxaca.<\/p>\n\n\n\n<p>La ma\u00f1ana de este mi\u00e9rcoles se report\u00f3 que un canino paseaba con lo que aparentemente se trataba un brazo humano en su hocico, sobre la calle de Pino Su\u00e1rez, en la colonia Emiliano Zapata de la agencia de San Mart\u00edn Mexic\u00e1pam.<\/p>\n\n\n\n<p>La Fiscal\u00eda General del Estado de Oaxaca (FGEO) confirm\u00f3 que se trataba de la extremidad de un cuerpo humano, que ante su arribo al lugar, localiz\u00f3 otras partes del cuerpo en otra zona de la referida colonia.<\/p>\n\n\n\n<p>Por el hecho, la FGEO inici\u00f3 carpeta de investigaci\u00f3n 39358\/FDAI\/UEIH\/2022, as\u00ed como procesar\u00e1 y remitir\u00e1 los restos humanos al Instituto de Servicios Periciales, para permitir la identificaci\u00f3n mediante perfil gen\u00e9tico.<\/p>\n\n\n\n<p>Previo al arribo de la Fiscal\u00eda Especializada en Atenci\u00f3n a Delitos de Alto Impacto, que atrajo el caso, llegaron integrantes de la Polic\u00eda Municipal de Oaxaca de Ju\u00e1rez vestidos de civil.<\/p>\n\n\n\n<p>Los elementos, bajo la direcci\u00f3n de Ra\u00fal \u00c1vila, realizaron acoso para tratar de intimidar e impedir la labor del reportero especializado en nota roja, Tom\u00e1s Mart\u00ednez.<\/p>\n\n\n\n<p>La capital, gobernada por Francisco Mart\u00ednez Neri, ha vivido en menos de 24 horas dos hechos violentos en zonas habitacionales, generando un mayor clima de inseguridad entre la poblaci\u00f3n. <\/p>\n\n\n\n<p>Tan solo en nueve meses de la administraci\u00f3n municipal del morenista se han cometido 36 homicidios dolosos, de acuerdo a datos del Gobierno de M\u00e9xico.<\/p>\n\n\n\n<p>OTRO HOMICIDIO <\/p>\n\n\n\n<p>Un hombre, que presuntamente se dedicaba al narcomenudeo, fue atacado a balazos esta ma\u00f1ana en el municipio de Tlalixtac de Cabrera, zona conurbada a la capital.<\/p>\n\n\n\n<p>La v\u00edctima, identificada de manera preliminar como Cristi\u00e1n B. Y. sobrevivi\u00f3 durante los primeros minutos tras el ataque, pero muri\u00f3 al llegar al hospital civil \u201cDr. Aurelio Valdivieso\u201d, en la ciudad de Oaxaca.<\/p>\n\n\n\n<p>Junto al cuerpo convaleciente del hombre se localizaba una cartulina con mensajes amenazantes en el que involucran a la v\u00edctima en la presunta venta de droga.<\/p>\n\n\n\n<figure class=\"wp-block-embed is-type-rich is-provider-twitter wp-block-embed-twitter\"><div class=\"wp-block-embed__wrapper\">\n<div class=\"twitter-tweet\"><blockquote class=\"twitter-tweet\" data-lang=\"es\"><p lang=\"es\" dir=\"ltr\"><a href=\"https:\/\/twitter.com\/hashtag\/%C3%9AltimoMinuto?src=hash&amp;ref_src=twsrc%5Etfw\">#\u00daltimoMinuto<\/a> <br>Cerca donde fue hallado un perro con un brazo humano, colonia Estado de <a href=\"https:\/\/twitter.com\/hashtag\/Oaxaca?src=hash&amp;ref_src=twsrc%5Etfw\">#Oaxaca<\/a> de la capital fue localizado el resto del cuerpo; a\u00fan no es identificado. <br>Y elementos de civil y uniformados del <a href=\"https:\/\/twitter.com\/MunicipioOaxaca?ref_src=twsrc%5Etfw\">@MunicipioOaxaca<\/a> acosaron al periodista <a href=\"https:\/\/twitter.com\/Tomas7J?ref_src=twsrc%5Etfw\">@Tomas7J<\/a> que lleg\u00f3 al lugar. <a href=\"https:\/\/t.co\/yHiP6KjCgD\">pic.twitter.com\/yHiP6KjCgD<\/a><\/p>&mdash; Zona Roja Oaxaca (@ZonaRoja_Oaxaca) <a href=\"https:\/\/twitter.com\/ZonaRoja_Oaxaca\/status\/1592957887927947264?ref_src=twsrc%5Etfw\">16 de noviembre de 2022<\/a><\/blockquote><\/div>\n<\/div><\/figure>\n","protected":false},"excerpt":{"rendered":"<p>Yuridiana Sosa\/Zona Roja. Oaxaca de Ju\u00e1rez, Oax., 16 de noviembre de 2022.- El horror se&hellip;<\/p>\n","protected":false},"author":2,"featured_media":48093,"comment_status":"closed","ping_status":"open","sticky":false,"template":"","format":"standard","meta":{"_lmt_disableupdate":"","_lmt_disable":"","_jetpack_memberships_contains_paid_content":false,"footnotes":""},"categories":[109,51],"tags":[148],"class_list":["post-48092","post","type-post","status-publish","format-standard","has-post-thumbnail","hentry","category-minuto-a-minuto","category-zona-roja","tag-oaxaca-de-juarez"],"jetpack_featured_media_url":"https:\/\/zonaroja.com.mx\/wp-content\/uploads\/2022\/11\/Perro-brazo-humano-Mexicapam-Oaxaca.jpeg","jetpack_sharing_enabled":true,"_links":{"self":[{"href":"https:\/\/zonaroja.com.mx\/index.php?rest_route=\/wp\/v2\/posts\/48092","targetHints":{"allow":["GET"]}}],"collection":[{"href":"https:\/\/zonaroja.com.mx\/index.php?rest_route=\/wp\/v2\/posts"}],"about":[{"href":"https:\/\/zonaroja.com.mx\/index.php?rest_route=\/wp\/v2\/types\/post"}],"author":[{"embeddable":true,"href":"https:\/\/zonaroja.com.mx\/index.php?rest_route=\/wp\/v2\/users\/2"}],"replies":[{"embeddable":true,"href":"https:\/\/zonaroja.com.mx\/index.php?rest_route=%2Fwp%2Fv2%2Fcomments&post=48092"}],"version-history":[{"count":1,"href":"https:\/\/zonaroja.com.mx\/index.php?rest_route=\/wp\/v2\/posts\/48092\/revisions"}],"predecessor-version":[{"id":48094,"href":"https:\/\/zonaroja.com.mx\/index.php?rest_route=\/wp\/v2\/posts\/48092\/revisions\/48094"}],"wp:featuredmedia":[{"embeddable":true,"href":"https:\/\/zonaroja.com.mx\/index.php?rest_route=\/wp\/v2\/media\/48093"}],"wp:attachment":[{"href":"https:\/\/zonaroja.com.mx\/index.php?rest_route=%2Fwp%2Fv2%2Fmedia&parent=48092"}],"wp:term":[{"taxonomy":"category","embeddable":true,"href":"https:\/\/zonaroja.com.mx\/index.php?rest_route=%2Fwp%2Fv2%2Fcategories&post=48092"},{"taxonomy":"post_tag","embeddable":true,"href":"https:\/\/zonaroja.com.mx\/index.php?rest_route=%2Fwp%2Fv2%2Ftags&post=48092"}],"curies":[{"name":"wp","href":"https:\/\/api.w.org\/{rel}","templated":true}]}}