{"id":48099,"date":"2022-11-16T20:16:27","date_gmt":"2022-11-17T02:16:27","guid":{"rendered":"http:\/\/www.zonaroja.com.mx\/?p=48099"},"modified":"2022-11-16T20:16:29","modified_gmt":"2022-11-17T02:16:29","slug":"solo-cinco-funcionarios-compareceran-por-sexto-informe-de-gobierno","status":"publish","type":"post","link":"https:\/\/zonaroja.com.mx\/?p=48099","title":{"rendered":"S\u00f3lo cinco funcionarios comparecer\u00e1n por sexto informe de gobierno"},"content":{"rendered":"\n<p>Redacci\u00f3n\/Zona Roja.<\/p>\n\n\n\n<p>Oaxaca de Ju\u00e1rez, Oax. 16 de noviembre de 2022.- De una veintena de funcionarios que debe comparecer, s\u00f3lo cinco acudir\u00e1n al Congreso del Estado para rendir cuentas con motivo de la glosa del sexto informe del gobernador Alejandro Murat.<\/p>\n\n\n\n<p>En sesi\u00f3n ordinaria, fue presentado el calendario de comparecencias para citar a los titulares; s\u00f3lo hubo una queja, de la diputada de Nueva Alianza, Adriana Altamirano, que al final no prosper\u00f3.&nbsp;<\/p>\n\n\n\n<p>Ser\u00e1 el pr\u00f3ximo 21 de noviembre que la Secretar\u00eda de las Infraestructuras y el Ordenamiento Territorial Sustentable (Sinfra), comparezca ante la Comisi\u00f3n Permanente de Infraestructuras, Desarrollo Urbano y Ordenamiento Territorial, en punto de las 13:00 horas.<\/p>\n\n\n\n<p>Dicha comisi\u00f3n antes mencionada, en conjunto con la de Educaci\u00f3n, Ciencia, Tecnolog\u00eda e Innovaci\u00f3n, recibir\u00e1n el martes 22 de noviembre a las 11:00 horas, al titular del Instituto Oaxaque\u00f1o Constructor de Infraestructura F\u00edsica y Educativa (IOCIFED).<\/p>\n\n\n\n<p>A la Secretar\u00eda del Medio Ambiente, Energ\u00edas y Desarrollo Sustentable (SEMAEDESO), se le cit\u00f3 a comparecer ante la Comisi\u00f3n Permanente de Medio Ambiente, Energ\u00edas Renovables y Cambio Clim\u00e1tico el pr\u00f3ximo mi\u00e9rcoles 23 de noviembre a las 14:00 horas.<\/p>\n\n\n\n<p>En tanto, la Secretar\u00eda de Seguridad P\u00fablica (SSPO) rendir\u00e1 cuentas el 24 de noviembre de 2022 a las 11:00 horas ante las Comisiones Permanentes Unidas de Seguridad y Protecci\u00f3n Ciudadana y de Administraci\u00f3n y Procuraci\u00f3n de Justicia.<\/p>\n\n\n\n<p>Por \u00faltimo, se cit\u00f3 para el d\u00eda viernes 25 de noviembre a comparecer al titular de la Secretar\u00eda de Finanzas (SEFIN), ante la Comisi\u00f3n Permanente de Presupuesto y Programaci\u00f3n de Hacienda en punto de las 11 horas.<\/p>\n\n\n\n<p>El calendario fue presentado por la Junta de Coordinaci\u00f3n Pol\u00edtica, quienes no dieron explicaciones del por qu\u00e9 no acudir\u00e1 el resto de los funcionarios del gabinete del mandatario estatal, cuyo sexenio fenece el 30 de noviembre.<\/p>\n\n\n\n<figure class=\"wp-block-embed is-type-rich is-provider-twitter wp-block-embed-twitter\"><div class=\"wp-block-embed__wrapper\">\n<div class=\"twitter-tweet\"><blockquote class=\"twitter-tweet\" data-lang=\"es\"><p lang=\"es\" dir=\"ltr\">2. S\u00f3lo hubo una inconformidad por el llamado a comparecer ante el <a href=\"https:\/\/twitter.com\/CongresoOaxaca_?ref_src=twsrc%5Etfw\">@CongresoOaxaca_<\/a> a escasos funcionarios del <a href=\"https:\/\/twitter.com\/GobOax?ref_src=twsrc%5Etfw\">@GobOax<\/a> para la glosa del sexto informe. <a href=\"https:\/\/t.co\/8JL8hn7FL4\">pic.twitter.com\/8JL8hn7FL4<\/a><\/p>&mdash; Zona Roja Oaxaca (@ZonaRoja_Oaxaca) <a href=\"https:\/\/twitter.com\/ZonaRoja_Oaxaca\/status\/1592972543865995264?ref_src=twsrc%5Etfw\">16 de noviembre de 2022<\/a><\/blockquote><\/div>\n<\/div><\/figure>\n","protected":false},"excerpt":{"rendered":"<p>Redacci\u00f3n\/Zona Roja. Oaxaca de Ju\u00e1rez, Oax. 16 de noviembre de 2022.- De una veintena de&hellip;<\/p>\n","protected":false},"author":2,"featured_media":48100,"comment_status":"closed","ping_status":"open","sticky":false,"template":"","format":"standard","meta":{"_lmt_disableupdate":"","_lmt_disable":"","_jetpack_memberships_contains_paid_content":false,"footnotes":""},"categories":[109,47],"tags":[2743],"class_list":["post-48099","post","type-post","status-publish","format-standard","has-post-thumbnail","hentry","category-minuto-a-minuto","category-zona-gris","tag-65-legislatura-del-estado-de-oaxaca"],"jetpack_featured_media_url":"https:\/\/zonaroja.com.mx\/wp-content\/uploads\/2022\/11\/Calendario-de-comparecencias-Congreso.jpg","jetpack_sharing_enabled":true,"_links":{"self":[{"href":"https:\/\/zonaroja.com.mx\/index.php?rest_route=\/wp\/v2\/posts\/48099","targetHints":{"allow":["GET"]}}],"collection":[{"href":"https:\/\/zonaroja.com.mx\/index.php?rest_route=\/wp\/v2\/posts"}],"about":[{"href":"https:\/\/zonaroja.com.mx\/index.php?rest_route=\/wp\/v2\/types\/post"}],"author":[{"embeddable":true,"href":"https:\/\/zonaroja.com.mx\/index.php?rest_route=\/wp\/v2\/users\/2"}],"replies":[{"embeddable":true,"href":"https:\/\/zonaroja.com.mx\/index.php?rest_route=%2Fwp%2Fv2%2Fcomments&post=48099"}],"version-history":[{"count":1,"href":"https:\/\/zonaroja.com.mx\/index.php?rest_route=\/wp\/v2\/posts\/48099\/revisions"}],"predecessor-version":[{"id":48101,"href":"https:\/\/zonaroja.com.mx\/index.php?rest_route=\/wp\/v2\/posts\/48099\/revisions\/48101"}],"wp:featuredmedia":[{"embeddable":true,"href":"https:\/\/zonaroja.com.mx\/index.php?rest_route=\/wp\/v2\/media\/48100"}],"wp:attachment":[{"href":"https:\/\/zonaroja.com.mx\/index.php?rest_route=%2Fwp%2Fv2%2Fmedia&parent=48099"}],"wp:term":[{"taxonomy":"category","embeddable":true,"href":"https:\/\/zonaroja.com.mx\/index.php?rest_route=%2Fwp%2Fv2%2Fcategories&post=48099"},{"taxonomy":"post_tag","embeddable":true,"href":"https:\/\/zonaroja.com.mx\/index.php?rest_route=%2Fwp%2Fv2%2Ftags&post=48099"}],"curies":[{"name":"wp","href":"https:\/\/api.w.org\/{rel}","templated":true}]}}